{"id":5929,"date":"2015-03-01T16:17:03","date_gmt":"2015-03-01T15:17:03","guid":{"rendered":"http:\/\/ossaw.at\/?p=5929"},"modified":"2015-05-28T22:43:51","modified_gmt":"2015-05-28T20:43:51","slug":"predstava-dervis-i-smrt","status":"publish","type":"post","link":"https:\/\/www.ossaw.at\/de\/predstava-dervis-i-smrt\/","title":{"rendered":"Predstava \u201eDervi\u0161 i smrt\u201d"},"content":{"rendered":"<p>Narodno pozori\u0161te iz Beograda s predstavom \u201eDervi\u0161 i smrt\u201d &#8211; uskoro u Be\u010du!<\/p>\n<p>\u201e\u010cetrdeset mi je godina, ru\u017eno doba: \u010dovek je jo\u0161 mlad da ne bi imao \u017eelja, a ve\u0107 star da ih ostvaruje. \u0160teta \u0161to nemam deset godina vi\u0161e pa bi me starost \u010duvala od pobuna, ili deset godina manje pa bi mi bilo svejedno.\u201c<\/p>\n<p>Me\u0161a Selimovi\u0107 pisao je \u201eDervi\u0161 i smrt\u201c pune \u010detiri godine. Nepravda naneta porodici dervi\u0161a Ahmeda Nurudina tera ga da iz po\u010detka pokoleba svoju veru u pravdu i mir, nebeska uverenja\u00a0i filozofiju \u017eivota i smrti. \u201eJesam li izgubio ljudsku ljubav ili sam o\u0161tetio \u010dvrstinu vjere, izgubiv\u0161i tako sve?\u201d &#8211; pita se Nurudin i posle te\u0161kih duhovnih borbi na tas stavlja svoj moral i bratovljev \u017eivot u zatvoru.<\/p>\n<div>\n<p>Reditelj Egon Savin \u0107e ovom predstavom i Be\u010dkoj publici pokazati svoju genijalnost i zanimljiv rediteljski pristup klasici.<\/p>\n<p>Ne propustite gostovanje Narodnog pozori\u0161ta iz Beograda u be\u010dkom Akzent Theatru, 22. marta 2015. godine i u\u017eivajte u jedinstvenoj adaptaciji najboljeg dela Me\u0161e Selimovi\u0107a &#8211; \u201eDervi\u0161 i smrt\u201d.<\/p>\n<p>P.S. I ovog puta, Ossi Be\u010d je za svoje studente uspeo da ostvari specijalan popust na karte za predstoje\u0107u predstavu po ceni od samo 15\u20ac. Budu\u0107i da je broj karata s popustom ograni\u010den, u slu\u010daju da \u017eelite da povedete nekog, maksimalan broj karata koje jedan student mo\u017ee kupiti je 2.<\/p>\n<p>Svoju kartu mo\u017eete rezervisati na: info@ossaw.at, a informacije o uplati dobijate nakon potvrde rezervacije. Molimo vas da u prilogu mejla po\u0161aljete i sliku va\u0161e studentske legitimacije.<\/p>\n<p>Regularna cena karata je 24e i 22e (za studente).<\/p>\n<p>KADA? 22. mart 2015. | 19:30h<\/p>\n<p>GDE? Akzent Theatar, Theresianumgasse 18, 1040 Wien<\/p>\n<p>Vidimo se!<\/p>\n<\/div>\n","protected":false},"excerpt":{"rendered":"<p>Narodno pozori\u0161te iz Beograda s predstavom \u201eDervi\u0161 i smrt\u201d &#8211; uskoro u Be\u010du! \u201e\u010cetrdeset mi je godina, ru\u017eno doba: \u010dovek je jo\u0161 mlad da ne bi imao \u017eelja, a ve\u0107 star da ih ostvaruje. \u0160teta \u0161to nemam deset godina vi\u0161e pa bi me starost \u010duvala od pobuna, ili deset godina manje pa bi mi bilo [&hellip;]<\/p>\n","protected":false},"author":25,"featured_media":5932,"comment_status":"open","ping_status":"open","sticky":false,"template":"","format":"standard","meta":{"footnotes":""},"categories":[205],"tags":[],"yoast_head":"<!-- This site is optimized with the Yoast SEO plugin v23.5 - https:\/\/yoast.com\/wordpress\/plugins\/seo\/ -->\n<title>Predstava \u201eDervi\u0161 i smrt\u201d - \u041eSSAW<\/title>\n<meta name=\"robots\" content=\"index, follow, max-snippet:-1, max-image-preview:large, max-video-preview:-1\" \/>\n<link rel=\"canonical\" href=\"https:\/\/www.ossaw.at\/de\/predstava-dervis-i-smrt\/\" \/>\n<meta property=\"og:locale\" content=\"de_DE\" \/>\n<meta property=\"og:type\" content=\"article\" \/>\n<meta property=\"og:title\" content=\"Predstava \u201eDervi\u0161 i smrt\u201d - \u041eSSAW\" \/>\n<meta property=\"og:description\" content=\"Narodno pozori\u0161te iz Beograda s predstavom \u201eDervi\u0161 i smrt\u201d &#8211; uskoro u Be\u010du! \u201e\u010cetrdeset mi je godina, ru\u017eno doba: \u010dovek je jo\u0161 mlad da ne bi imao \u017eelja, a ve\u0107 star da ih ostvaruje. \u0160teta \u0161to nemam deset godina vi\u0161e pa bi me starost \u010duvala od pobuna, ili deset godina manje pa bi mi bilo [&hellip;]\" \/>\n<meta property=\"og:url\" content=\"https:\/\/www.ossaw.at\/de\/predstava-dervis-i-smrt\/\" \/>\n<meta property=\"og:site_name\" content=\"\u041eSSAW\" \/>\n<meta property=\"article:publisher\" content=\"https:\/\/www.facebook.com\/ossaw\" \/>\n<meta property=\"article:published_time\" content=\"2015-03-01T15:17:03+00:00\" \/>\n<meta property=\"article:modified_time\" content=\"2015-05-28T20:43:51+00:00\" \/>\n<meta property=\"og:image\" content=\"https:\/\/www.ossaw.at\/wp-content\/uploads\/2015\/03\/Dervis-i-smrt-plakat-2-11.jpg\" \/>\n\t<meta property=\"og:image:width\" content=\"591\" \/>\n\t<meta property=\"og:image:height\" content=\"344\" \/>\n\t<meta property=\"og:image:type\" content=\"image\/jpeg\" \/>\n<meta name=\"author\" content=\"OSSAW Media\" \/>\n<meta name=\"twitter:card\" content=\"summary_large_image\" \/>\n<meta name=\"twitter:label1\" content=\"Verfasst von\" \/>\n\t<meta name=\"twitter:data1\" content=\"OSSAW Media\" \/>\n\t<meta name=\"twitter:label2\" content=\"Gesch\u00e4tzte Lesezeit\" \/>\n\t<meta name=\"twitter:data2\" content=\"1\u00a0Minute\" \/>\n<script type=\"application\/ld+json\" class=\"yoast-schema-graph\">{\"@context\":\"https:\/\/schema.org\",\"@graph\":[{\"@type\":\"Article\",\"@id\":\"https:\/\/www.ossaw.at\/de\/predstava-dervis-i-smrt\/#article\",\"isPartOf\":{\"@id\":\"https:\/\/www.ossaw.at\/de\/predstava-dervis-i-smrt\/\"},\"author\":{\"name\":\"OSSAW Media\",\"@id\":\"https:\/\/www.ossaw.at\/#\/schema\/person\/5357760e30652fb4eb06c2e2b971017f\"},\"headline\":\"Predstava \u201eDervi\u0161 i smrt\u201d\",\"datePublished\":\"2015-03-01T15:17:03+00:00\",\"dateModified\":\"2015-05-28T20:43:51+00:00\",\"mainEntityOfPage\":{\"@id\":\"https:\/\/www.ossaw.at\/de\/predstava-dervis-i-smrt\/\"},\"wordCount\":290,\"commentCount\":0,\"publisher\":{\"@id\":\"https:\/\/www.ossaw.at\/#organization\"},\"image\":{\"@id\":\"https:\/\/www.ossaw.at\/de\/predstava-dervis-i-smrt\/#primaryimage\"},\"thumbnailUrl\":\"https:\/\/www.ossaw.at\/wp-content\/uploads\/2015\/03\/Dervis-i-smrt-plakat-2-11.jpg\",\"articleSection\":[\"\u0412\u0435\u0441\u0442\u0438\"],\"inLanguage\":\"de\"},{\"@type\":\"WebPage\",\"@id\":\"https:\/\/www.ossaw.at\/de\/predstava-dervis-i-smrt\/\",\"url\":\"https:\/\/www.ossaw.at\/de\/predstava-dervis-i-smrt\/\",\"name\":\"Predstava \u201eDervi\u0161 i smrt\u201d - \u041eSSAW\",\"isPartOf\":{\"@id\":\"https:\/\/www.ossaw.at\/#website\"},\"primaryImageOfPage\":{\"@id\":\"https:\/\/www.ossaw.at\/de\/predstava-dervis-i-smrt\/#primaryimage\"},\"image\":{\"@id\":\"https:\/\/www.ossaw.at\/de\/predstava-dervis-i-smrt\/#primaryimage\"},\"thumbnailUrl\":\"https:\/\/www.ossaw.at\/wp-content\/uploads\/2015\/03\/Dervis-i-smrt-plakat-2-11.jpg\",\"datePublished\":\"2015-03-01T15:17:03+00:00\",\"dateModified\":\"2015-05-28T20:43:51+00:00\",\"breadcrumb\":{\"@id\":\"https:\/\/www.ossaw.at\/de\/predstava-dervis-i-smrt\/#breadcrumb\"},\"inLanguage\":\"de\",\"potentialAction\":[{\"@type\":\"ReadAction\",\"target\":[\"https:\/\/www.ossaw.at\/de\/predstava-dervis-i-smrt\/\"]}]},{\"@type\":\"ImageObject\",\"inLanguage\":\"de\",\"@id\":\"https:\/\/www.ossaw.at\/de\/predstava-dervis-i-smrt\/#primaryimage\",\"url\":\"https:\/\/www.ossaw.at\/wp-content\/uploads\/2015\/03\/Dervis-i-smrt-plakat-2-11.jpg\",\"contentUrl\":\"https:\/\/www.ossaw.at\/wp-content\/uploads\/2015\/03\/Dervis-i-smrt-plakat-2-11.jpg\",\"width\":591,\"height\":344},{\"@type\":\"BreadcrumbList\",\"@id\":\"https:\/\/www.ossaw.at\/de\/predstava-dervis-i-smrt\/#breadcrumb\",\"itemListElement\":[{\"@type\":\"ListItem\",\"position\":1,\"name\":\"\u041f\u043e\u0447\u0435\u0442\u043d\u0430\",\"item\":\"https:\/\/www.ossaw.at\/\"},{\"@type\":\"ListItem\",\"position\":2,\"name\":\"Predstava \u201eDervi\u0161 i smrt\u201d\"}]},{\"@type\":\"WebSite\",\"@id\":\"https:\/\/www.ossaw.at\/#website\",\"url\":\"https:\/\/www.ossaw.at\/\",\"name\":\"\u041eSSAW\",\"description\":\"Organisation Serbischer Studenten im Ausland - Wien\",\"publisher\":{\"@id\":\"https:\/\/www.ossaw.at\/#organization\"},\"potentialAction\":[{\"@type\":\"SearchAction\",\"target\":{\"@type\":\"EntryPoint\",\"urlTemplate\":\"https:\/\/www.ossaw.at\/?s={search_term_string}\"},\"query-input\":{\"@type\":\"PropertyValueSpecification\",\"valueRequired\":true,\"valueName\":\"search_term_string\"}}],\"inLanguage\":\"de\"},{\"@type\":\"Organization\",\"@id\":\"https:\/\/www.ossaw.at\/#organization\",\"name\":\"\u041e\u0441\u0441\u0438 - \u0411\u0435\u0447\",\"url\":\"https:\/\/www.ossaw.at\/\",\"logo\":{\"@type\":\"ImageObject\",\"inLanguage\":\"de\",\"@id\":\"https:\/\/www.ossaw.at\/#\/schema\/logo\/image\/\",\"url\":\"https:\/\/www.ossaw.at\/wp-content\/uploads\/2016\/07\/OSSAW-logo-cirilica-page-001-2.jpg\",\"contentUrl\":\"https:\/\/www.ossaw.at\/wp-content\/uploads\/2016\/07\/OSSAW-logo-cirilica-page-001-2.jpg\",\"width\":1448,\"height\":1024,\"caption\":\"\u041e\u0441\u0441\u0438 - \u0411\u0435\u0447\"},\"image\":{\"@id\":\"https:\/\/www.ossaw.at\/#\/schema\/logo\/image\/\"},\"sameAs\":[\"https:\/\/www.facebook.com\/ossaw\",\"https:\/\/www.instagram.com\/ossa_wien\/\",\"https:\/\/www.linkedin.com\/company\/organisation-of-serbian-students-abroad---vienna\"]},{\"@type\":\"Person\",\"@id\":\"https:\/\/www.ossaw.at\/#\/schema\/person\/5357760e30652fb4eb06c2e2b971017f\",\"name\":\"OSSAW Media\",\"image\":{\"@type\":\"ImageObject\",\"inLanguage\":\"de\",\"@id\":\"https:\/\/www.ossaw.at\/#\/schema\/person\/image\/\",\"url\":\"https:\/\/secure.gravatar.com\/avatar\/3be439b9bb8444259b85eb9d68d46ba4?s=96&d=mm&r=pg\",\"contentUrl\":\"https:\/\/secure.gravatar.com\/avatar\/3be439b9bb8444259b85eb9d68d46ba4?s=96&d=mm&r=pg\",\"caption\":\"OSSAW Media\"},\"url\":\"https:\/\/www.ossaw.at\/de\/author\/official-ossaw\/\"}]}<\/script>\n<!-- \/ Yoast SEO plugin. -->","yoast_head_json":{"title":"Predstava \u201eDervi\u0161 i smrt\u201d - \u041eSSAW","robots":{"index":"index","follow":"follow","max-snippet":"max-snippet:-1","max-image-preview":"max-image-preview:large","max-video-preview":"max-video-preview:-1"},"canonical":"https:\/\/www.ossaw.at\/de\/predstava-dervis-i-smrt\/","og_locale":"de_DE","og_type":"article","og_title":"Predstava \u201eDervi\u0161 i smrt\u201d - \u041eSSAW","og_description":"Narodno pozori\u0161te iz Beograda s predstavom \u201eDervi\u0161 i smrt\u201d &#8211; uskoro u Be\u010du! \u201e\u010cetrdeset mi je godina, ru\u017eno doba: \u010dovek je jo\u0161 mlad da ne bi imao \u017eelja, a ve\u0107 star da ih ostvaruje. \u0160teta \u0161to nemam deset godina vi\u0161e pa bi me starost \u010duvala od pobuna, ili deset godina manje pa bi mi bilo [&hellip;]","og_url":"https:\/\/www.ossaw.at\/de\/predstava-dervis-i-smrt\/","og_site_name":"\u041eSSAW","article_publisher":"https:\/\/www.facebook.com\/ossaw","article_published_time":"2015-03-01T15:17:03+00:00","article_modified_time":"2015-05-28T20:43:51+00:00","og_image":[{"width":591,"height":344,"url":"https:\/\/www.ossaw.at\/wp-content\/uploads\/2015\/03\/Dervis-i-smrt-plakat-2-11.jpg","type":"image\/jpeg"}],"author":"OSSAW Media","twitter_card":"summary_large_image","twitter_misc":{"Verfasst von":"OSSAW Media","Gesch\u00e4tzte Lesezeit":"1\u00a0Minute"},"schema":{"@context":"https:\/\/schema.org","@graph":[{"@type":"Article","@id":"https:\/\/www.ossaw.at\/de\/predstava-dervis-i-smrt\/#article","isPartOf":{"@id":"https:\/\/www.ossaw.at\/de\/predstava-dervis-i-smrt\/"},"author":{"name":"OSSAW Media","@id":"https:\/\/www.ossaw.at\/#\/schema\/person\/5357760e30652fb4eb06c2e2b971017f"},"headline":"Predstava \u201eDervi\u0161 i smrt\u201d","datePublished":"2015-03-01T15:17:03+00:00","dateModified":"2015-05-28T20:43:51+00:00","mainEntityOfPage":{"@id":"https:\/\/www.ossaw.at\/de\/predstava-dervis-i-smrt\/"},"wordCount":290,"commentCount":0,"publisher":{"@id":"https:\/\/www.ossaw.at\/#organization"},"image":{"@id":"https:\/\/www.ossaw.at\/de\/predstava-dervis-i-smrt\/#primaryimage"},"thumbnailUrl":"https:\/\/www.ossaw.at\/wp-content\/uploads\/2015\/03\/Dervis-i-smrt-plakat-2-11.jpg","articleSection":["\u0412\u0435\u0441\u0442\u0438"],"inLanguage":"de"},{"@type":"WebPage","@id":"https:\/\/www.ossaw.at\/de\/predstava-dervis-i-smrt\/","url":"https:\/\/www.ossaw.at\/de\/predstava-dervis-i-smrt\/","name":"Predstava \u201eDervi\u0161 i smrt\u201d - \u041eSSAW","isPartOf":{"@id":"https:\/\/www.ossaw.at\/#website"},"primaryImageOfPage":{"@id":"https:\/\/www.ossaw.at\/de\/predstava-dervis-i-smrt\/#primaryimage"},"image":{"@id":"https:\/\/www.ossaw.at\/de\/predstava-dervis-i-smrt\/#primaryimage"},"thumbnailUrl":"https:\/\/www.ossaw.at\/wp-content\/uploads\/2015\/03\/Dervis-i-smrt-plakat-2-11.jpg","datePublished":"2015-03-01T15:17:03+00:00","dateModified":"2015-05-28T20:43:51+00:00","breadcrumb":{"@id":"https:\/\/www.ossaw.at\/de\/predstava-dervis-i-smrt\/#breadcrumb"},"inLanguage":"de","potentialAction":[{"@type":"ReadAction","target":["https:\/\/www.ossaw.at\/de\/predstava-dervis-i-smrt\/"]}]},{"@type":"ImageObject","inLanguage":"de","@id":"https:\/\/www.ossaw.at\/de\/predstava-dervis-i-smrt\/#primaryimage","url":"https:\/\/www.ossaw.at\/wp-content\/uploads\/2015\/03\/Dervis-i-smrt-plakat-2-11.jpg","contentUrl":"https:\/\/www.ossaw.at\/wp-content\/uploads\/2015\/03\/Dervis-i-smrt-plakat-2-11.jpg","width":591,"height":344},{"@type":"BreadcrumbList","@id":"https:\/\/www.ossaw.at\/de\/predstava-dervis-i-smrt\/#breadcrumb","itemListElement":[{"@type":"ListItem","position":1,"name":"\u041f\u043e\u0447\u0435\u0442\u043d\u0430","item":"https:\/\/www.ossaw.at\/"},{"@type":"ListItem","position":2,"name":"Predstava \u201eDervi\u0161 i smrt\u201d"}]},{"@type":"WebSite","@id":"https:\/\/www.ossaw.at\/#website","url":"https:\/\/www.ossaw.at\/","name":"\u041eSSAW","description":"Organisation Serbischer Studenten im Ausland - Wien","publisher":{"@id":"https:\/\/www.ossaw.at\/#organization"},"potentialAction":[{"@type":"SearchAction","target":{"@type":"EntryPoint","urlTemplate":"https:\/\/www.ossaw.at\/?s={search_term_string}"},"query-input":{"@type":"PropertyValueSpecification","valueRequired":true,"valueName":"search_term_string"}}],"inLanguage":"de"},{"@type":"Organization","@id":"https:\/\/www.ossaw.at\/#organization","name":"\u041e\u0441\u0441\u0438 - \u0411\u0435\u0447","url":"https:\/\/www.ossaw.at\/","logo":{"@type":"ImageObject","inLanguage":"de","@id":"https:\/\/www.ossaw.at\/#\/schema\/logo\/image\/","url":"https:\/\/www.ossaw.at\/wp-content\/uploads\/2016\/07\/OSSAW-logo-cirilica-page-001-2.jpg","contentUrl":"https:\/\/www.ossaw.at\/wp-content\/uploads\/2016\/07\/OSSAW-logo-cirilica-page-001-2.jpg","width":1448,"height":1024,"caption":"\u041e\u0441\u0441\u0438 - \u0411\u0435\u0447"},"image":{"@id":"https:\/\/www.ossaw.at\/#\/schema\/logo\/image\/"},"sameAs":["https:\/\/www.facebook.com\/ossaw","https:\/\/www.instagram.com\/ossa_wien\/","https:\/\/www.linkedin.com\/company\/organisation-of-serbian-students-abroad---vienna"]},{"@type":"Person","@id":"https:\/\/www.ossaw.at\/#\/schema\/person\/5357760e30652fb4eb06c2e2b971017f","name":"OSSAW Media","image":{"@type":"ImageObject","inLanguage":"de","@id":"https:\/\/www.ossaw.at\/#\/schema\/person\/image\/","url":"https:\/\/secure.gravatar.com\/avatar\/3be439b9bb8444259b85eb9d68d46ba4?s=96&d=mm&r=pg","contentUrl":"https:\/\/secure.gravatar.com\/avatar\/3be439b9bb8444259b85eb9d68d46ba4?s=96&d=mm&r=pg","caption":"OSSAW Media"},"url":"https:\/\/www.ossaw.at\/de\/author\/official-ossaw\/"}]}},"_links":{"self":[{"href":"https:\/\/www.ossaw.at\/de\/wp-json\/wp\/v2\/posts\/5929"}],"collection":[{"href":"https:\/\/www.ossaw.at\/de\/wp-json\/wp\/v2\/posts"}],"about":[{"href":"https:\/\/www.ossaw.at\/de\/wp-json\/wp\/v2\/types\/post"}],"author":[{"embeddable":true,"href":"https:\/\/www.ossaw.at\/de\/wp-json\/wp\/v2\/users\/25"}],"replies":[{"embeddable":true,"href":"https:\/\/www.ossaw.at\/de\/wp-json\/wp\/v2\/comments?post=5929"}],"version-history":[{"count":0,"href":"https:\/\/www.ossaw.at\/de\/wp-json\/wp\/v2\/posts\/5929\/revisions"}],"wp:featuredmedia":[{"embeddable":true,"href":"https:\/\/www.ossaw.at\/de\/wp-json\/wp\/v2\/media\/5932"}],"wp:attachment":[{"href":"https:\/\/www.ossaw.at\/de\/wp-json\/wp\/v2\/media?parent=5929"}],"wp:term":[{"taxonomy":"category","embeddable":true,"href":"https:\/\/www.ossaw.at\/de\/wp-json\/wp\/v2\/categories?post=5929"},{"taxonomy":"post_tag","embeddable":true,"href":"https:\/\/www.ossaw.at\/de\/wp-json\/wp\/v2\/tags?post=5929"}],"curies":[{"name":"wp","href":"https:\/\/api.w.org\/{rel}","templated":true}]}}