{"id":6080,"date":"2015-05-17T01:38:34","date_gmt":"2015-05-16T23:38:34","guid":{"rendered":"http:\/\/ossaw.at\/?p=6080"},"modified":"2015-05-28T17:57:58","modified_gmt":"2015-05-28T15:57:58","slug":"naucno-predavanje-srbi-u-becu-i-njihova-muzika","status":"publish","type":"post","link":"https:\/\/www.ossaw.at\/de\/naucno-predavanje-srbi-u-becu-i-njihova-muzika\/","title":{"rendered":"Nau\u010dno predavanje: Srbi u Be\u010du i njihova muzika"},"content":{"rendered":"<p>Dragi studenti,<\/p>\n<p><span style=\"font-family: inherit; font-size: inherit; font-weight: inherit; line-height: 1.6;\">Sa zadovoljstvom vas obave\u0161tavamo da <\/span><i style=\"font-family: inherit; font-size: inherit; font-weight: inherit; line-height: 1.6;\">Srpski kulturni forum \u2013 Be\u010d<\/i><span style=\"font-family: inherit; font-size: inherit; font-weight: inherit; line-height: 1.6;\"> odr\u017eava jo\u0161 jedan veoma zanimljiv i edukativan doga\u0111aj!<\/span><\/p>\n<p><span style=\"font-family: inherit; font-size: inherit; font-weight: inherit; line-height: 1.6;\">U okviru petogodi\u0161njeg ciklusa manifestacija \u201e<\/span><i style=\"font-family: inherit; font-size: inherit; font-weight: inherit; line-height: 1.6;\">Be\u010dki prozori<\/i><span style=\"font-family: inherit; font-size: inherit; font-weight: inherit; line-height: 1.6;\">\u201d, ove godine na red je do\u0161la i muzi\u010dka povezanost izme\u0111u Srbije i Be\u010da.<\/span><\/p>\n<p>Cilj ovih manifestacija je da se kroz edukativna predavanja doprinese popularizovanju saznanja o austrijsko-srpskim odnosima tj. da se putem re\u010di, muzike i slike predstavi raznolikost, obim i zna\u010daj veza, koje su vekovima spajale i jo\u0161 uvek spajaju Be\u010d i srpsku kulturu. Svake godine se odr\u017eava po jedna manifestacija ciklusa uz u\u010de\u0161\u0107e stru\u010dnjaka i propratni muzi\u010dki program.<\/p>\n<p>Predstoje\u0107e predavanje nosi naziv \u201eSrbi u Be\u010du\u201d i obuhvata komunikaciju kompozitora, muzi\u010dara i muzi\u010dkih pisaca u periodu od 19. veka do danas, kao i muzi\u010dke veze Srbije i Austrije u 19. i 20. veku.<\/p>\n<p><span style=\"font-family: inherit; font-size: inherit; font-weight: inherit; line-height: 1.6;\">Ve\u010de \u0107e biti oboga\u0107eno muzikom iz tog perioda, a nastupi\u0107e i muzi\u010dari iz Srbije, koji danas \u017eive i rade u Be\u010du.<\/span><\/p>\n<p><span style=\"text-decoration: underline; font-family: inherit; font-size: inherit; font-weight: inherit; line-height: 1.6;\">Predava\u010di:<\/span><\/p>\n<p><span style=\"font-family: inherit; font-size: inherit; font-weight: inherit; line-height: 1.6;\">\u25aa Prof. Dr. Tatjana Markovi\u0107 \u2013 muzikolog (<\/span><i style=\"font-family: inherit; font-size: inherit; font-weight: inherit; line-height: 1.6;\">Univerzitet za muziku i ivo\u0111a\u010dke umetnosti u Be\u010du<\/i><span style=\"font-family: inherit; font-size: inherit; font-weight: inherit; line-height: 1.6;\">)<\/span><\/p>\n<p>\u25aa Dr. Ira Prodanov-Kraji\u0161nik \u2013 muzikolog (<i>Akademija umetnosti Univerziteta u Novom Sadu<\/i>)<\/p>\n<p>\u25aa Dr. Thomas Aigner \u2013 direktor <i>Musiksammlung<\/i>-a (<i>Skup\u0161tinska biblioteka grada Be\u010da<\/i>)<\/p>\n<p>\u25aa Mag Gordana Ili\u0107-Markovi\u0107 \u2013 slavista (<i>Institut za slavistiku Univerziteta u Be\u010du<\/i>)<\/p>\n<p>&nbsp;<\/p>\n<p>Predavanje \u0107e biti dvojezi\u010dno.<\/p>\n<p>Vi\u0161e informacija o ovom doga\u0111aju mo\u017eete prona\u0107i na:<\/p>\n<p><a href=\"http:\/\/www.skforum.at\/index.php?option=com_content&amp;view=article&amp;id=565:iq&amp;catid=52:skf-aktivnosti&amp;Itemid=62&amp;lang=sr\">www.skforum.at\/index.php?option=com_content&amp;view=article&amp;id=565:iq&amp;catid=52:skf-aktivnosti&amp;Itemid=62&amp;lang=sr<\/a>.<\/p>\n<p><b>Datum i vreme<\/b>: \u010cetvrtak, 21. maj 2015. \u250219:30 \u010d<\/p>\n<p><b>Mesto<\/b>: Festsaal Amtshaus, Rudolfsheim F\u00fcnfhaus \u2502Rosinagasse 4, 1150 Wien<\/p>\n<p>Ulaz slobodan!<\/p>\n<p align=\"right\">Vidimo se!<\/p>\n<p align=\"right\">Va\u0161 OSSI Be\u010d<\/p>\n","protected":false},"excerpt":{"rendered":"<p>Dragi studenti, Sa zadovoljstvom vas obave\u0161tavamo da Srpski kulturni forum \u2013 Be\u010d odr\u017eava jo\u0161 jedan veoma zanimljiv i edukativan doga\u0111aj! U okviru petogodi\u0161njeg ciklusa manifestacija \u201eBe\u010dki prozori\u201d, ove godine na red je do\u0161la i muzi\u010dka povezanost izme\u0111u Srbije i Be\u010da. Cilj ovih manifestacija je da se kroz edukativna predavanja doprinese popularizovanju saznanja o austrijsko-srpskim odnosima [&hellip;]<\/p>\n","protected":false},"author":25,"featured_media":6081,"comment_status":"open","ping_status":"open","sticky":false,"template":"","format":"standard","meta":{"footnotes":""},"categories":[205],"tags":[],"yoast_head":"<!-- This site is optimized with the Yoast SEO plugin v23.5 - https:\/\/yoast.com\/wordpress\/plugins\/seo\/ -->\n<title>Nau\u010dno predavanje: Srbi u Be\u010du i njihova muzika - \u041eSSAW<\/title>\n<meta name=\"robots\" content=\"index, follow, max-snippet:-1, max-image-preview:large, max-video-preview:-1\" \/>\n<link rel=\"canonical\" href=\"https:\/\/www.ossaw.at\/naucno-predavanje-srbi-u-becu-i-njihova-muzika\/\" \/>\n<meta property=\"og:locale\" content=\"de_DE\" \/>\n<meta property=\"og:type\" content=\"article\" \/>\n<meta property=\"og:title\" content=\"Nau\u010dno predavanje: Srbi u Be\u010du i njihova muzika - \u041eSSAW\" \/>\n<meta property=\"og:description\" content=\"Dragi studenti, Sa zadovoljstvom vas obave\u0161tavamo da Srpski kulturni forum \u2013 Be\u010d odr\u017eava jo\u0161 jedan veoma zanimljiv i edukativan doga\u0111aj! U okviru petogodi\u0161njeg ciklusa manifestacija \u201eBe\u010dki prozori\u201d, ove godine na red je do\u0161la i muzi\u010dka povezanost izme\u0111u Srbije i Be\u010da. Cilj ovih manifestacija je da se kroz edukativna predavanja doprinese popularizovanju saznanja o austrijsko-srpskim odnosima [&hellip;]\" \/>\n<meta property=\"og:url\" content=\"https:\/\/www.ossaw.at\/naucno-predavanje-srbi-u-becu-i-njihova-muzika\/\" \/>\n<meta property=\"og:site_name\" content=\"\u041eSSAW\" \/>\n<meta property=\"article:publisher\" content=\"https:\/\/www.facebook.com\/ossaw\" \/>\n<meta property=\"article:published_time\" content=\"2015-05-16T23:38:34+00:00\" \/>\n<meta property=\"article:modified_time\" content=\"2015-05-28T15:57:58+00:00\" \/>\n<meta property=\"og:image\" content=\"https:\/\/www.ossaw.at\/wp-content\/uploads\/2015\/05\/sajt_Srbi_i_Bec_1.str_.jpg\" \/>\n\t<meta property=\"og:image:width\" content=\"1000\" \/>\n\t<meta property=\"og:image:height\" content=\"618\" \/>\n\t<meta property=\"og:image:type\" content=\"image\/jpeg\" \/>\n<meta name=\"author\" content=\"OSSAW Media\" \/>\n<meta name=\"twitter:card\" content=\"summary_large_image\" \/>\n<meta name=\"twitter:label1\" content=\"Verfasst von\" \/>\n\t<meta name=\"twitter:data1\" content=\"OSSAW Media\" \/>\n\t<meta name=\"twitter:label2\" content=\"Gesch\u00e4tzte Lesezeit\" \/>\n\t<meta name=\"twitter:data2\" content=\"1\u00a0Minute\" \/>\n<script type=\"application\/ld+json\" class=\"yoast-schema-graph\">{\"@context\":\"https:\/\/schema.org\",\"@graph\":[{\"@type\":\"Article\",\"@id\":\"https:\/\/www.ossaw.at\/naucno-predavanje-srbi-u-becu-i-njihova-muzika\/#article\",\"isPartOf\":{\"@id\":\"https:\/\/www.ossaw.at\/naucno-predavanje-srbi-u-becu-i-njihova-muzika\/\"},\"author\":{\"name\":\"OSSAW Media\",\"@id\":\"https:\/\/www.ossaw.at\/#\/schema\/person\/5357760e30652fb4eb06c2e2b971017f\"},\"headline\":\"Nau\u010dno predavanje: Srbi u Be\u010du i njihova muzika\",\"datePublished\":\"2015-05-16T23:38:34+00:00\",\"dateModified\":\"2015-05-28T15:57:58+00:00\",\"mainEntityOfPage\":{\"@id\":\"https:\/\/www.ossaw.at\/naucno-predavanje-srbi-u-becu-i-njihova-muzika\/\"},\"wordCount\":295,\"commentCount\":0,\"publisher\":{\"@id\":\"https:\/\/www.ossaw.at\/#organization\"},\"image\":{\"@id\":\"https:\/\/www.ossaw.at\/naucno-predavanje-srbi-u-becu-i-njihova-muzika\/#primaryimage\"},\"thumbnailUrl\":\"https:\/\/www.ossaw.at\/wp-content\/uploads\/2015\/05\/sajt_Srbi_i_Bec_1.str_.jpg\",\"articleSection\":[\"\u0412\u0435\u0441\u0442\u0438\"],\"inLanguage\":\"de\"},{\"@type\":\"WebPage\",\"@id\":\"https:\/\/www.ossaw.at\/naucno-predavanje-srbi-u-becu-i-njihova-muzika\/\",\"url\":\"https:\/\/www.ossaw.at\/naucno-predavanje-srbi-u-becu-i-njihova-muzika\/\",\"name\":\"Nau\u010dno predavanje: Srbi u Be\u010du i njihova muzika - \u041eSSAW\",\"isPartOf\":{\"@id\":\"https:\/\/www.ossaw.at\/#website\"},\"primaryImageOfPage\":{\"@id\":\"https:\/\/www.ossaw.at\/naucno-predavanje-srbi-u-becu-i-njihova-muzika\/#primaryimage\"},\"image\":{\"@id\":\"https:\/\/www.ossaw.at\/naucno-predavanje-srbi-u-becu-i-njihova-muzika\/#primaryimage\"},\"thumbnailUrl\":\"https:\/\/www.ossaw.at\/wp-content\/uploads\/2015\/05\/sajt_Srbi_i_Bec_1.str_.jpg\",\"datePublished\":\"2015-05-16T23:38:34+00:00\",\"dateModified\":\"2015-05-28T15:57:58+00:00\",\"breadcrumb\":{\"@id\":\"https:\/\/www.ossaw.at\/naucno-predavanje-srbi-u-becu-i-njihova-muzika\/#breadcrumb\"},\"inLanguage\":\"de\",\"potentialAction\":[{\"@type\":\"ReadAction\",\"target\":[\"https:\/\/www.ossaw.at\/naucno-predavanje-srbi-u-becu-i-njihova-muzika\/\"]}]},{\"@type\":\"ImageObject\",\"inLanguage\":\"de\",\"@id\":\"https:\/\/www.ossaw.at\/naucno-predavanje-srbi-u-becu-i-njihova-muzika\/#primaryimage\",\"url\":\"https:\/\/www.ossaw.at\/wp-content\/uploads\/2015\/05\/sajt_Srbi_i_Bec_1.str_.jpg\",\"contentUrl\":\"https:\/\/www.ossaw.at\/wp-content\/uploads\/2015\/05\/sajt_Srbi_i_Bec_1.str_.jpg\",\"width\":1000,\"height\":618},{\"@type\":\"BreadcrumbList\",\"@id\":\"https:\/\/www.ossaw.at\/naucno-predavanje-srbi-u-becu-i-njihova-muzika\/#breadcrumb\",\"itemListElement\":[{\"@type\":\"ListItem\",\"position\":1,\"name\":\"\u041f\u043e\u0447\u0435\u0442\u043d\u0430\",\"item\":\"https:\/\/www.ossaw.at\/\"},{\"@type\":\"ListItem\",\"position\":2,\"name\":\"Nau\u010dno predavanje: Srbi u Be\u010du i njihova muzika\"}]},{\"@type\":\"WebSite\",\"@id\":\"https:\/\/www.ossaw.at\/#website\",\"url\":\"https:\/\/www.ossaw.at\/\",\"name\":\"\u041eSSAW\",\"description\":\"Organisation Serbischer Studenten im Ausland - Wien\",\"publisher\":{\"@id\":\"https:\/\/www.ossaw.at\/#organization\"},\"potentialAction\":[{\"@type\":\"SearchAction\",\"target\":{\"@type\":\"EntryPoint\",\"urlTemplate\":\"https:\/\/www.ossaw.at\/?s={search_term_string}\"},\"query-input\":{\"@type\":\"PropertyValueSpecification\",\"valueRequired\":true,\"valueName\":\"search_term_string\"}}],\"inLanguage\":\"de\"},{\"@type\":\"Organization\",\"@id\":\"https:\/\/www.ossaw.at\/#organization\",\"name\":\"\u041e\u0441\u0441\u0438 - \u0411\u0435\u0447\",\"url\":\"https:\/\/www.ossaw.at\/\",\"logo\":{\"@type\":\"ImageObject\",\"inLanguage\":\"de\",\"@id\":\"https:\/\/www.ossaw.at\/#\/schema\/logo\/image\/\",\"url\":\"https:\/\/www.ossaw.at\/wp-content\/uploads\/2016\/07\/OSSAW-logo-cirilica-page-001-2.jpg\",\"contentUrl\":\"https:\/\/www.ossaw.at\/wp-content\/uploads\/2016\/07\/OSSAW-logo-cirilica-page-001-2.jpg\",\"width\":1448,\"height\":1024,\"caption\":\"\u041e\u0441\u0441\u0438 - \u0411\u0435\u0447\"},\"image\":{\"@id\":\"https:\/\/www.ossaw.at\/#\/schema\/logo\/image\/\"},\"sameAs\":[\"https:\/\/www.facebook.com\/ossaw\",\"https:\/\/www.instagram.com\/ossa_wien\/\",\"https:\/\/www.linkedin.com\/company\/organisation-of-serbian-students-abroad---vienna\"]},{\"@type\":\"Person\",\"@id\":\"https:\/\/www.ossaw.at\/#\/schema\/person\/5357760e30652fb4eb06c2e2b971017f\",\"name\":\"OSSAW Media\",\"image\":{\"@type\":\"ImageObject\",\"inLanguage\":\"de\",\"@id\":\"https:\/\/www.ossaw.at\/#\/schema\/person\/image\/\",\"url\":\"https:\/\/secure.gravatar.com\/avatar\/3be439b9bb8444259b85eb9d68d46ba4?s=96&d=mm&r=pg\",\"contentUrl\":\"https:\/\/secure.gravatar.com\/avatar\/3be439b9bb8444259b85eb9d68d46ba4?s=96&d=mm&r=pg\",\"caption\":\"OSSAW Media\"},\"url\":\"https:\/\/www.ossaw.at\/de\/author\/official-ossaw\/\"}]}<\/script>\n<!-- \/ Yoast SEO plugin. -->","yoast_head_json":{"title":"Nau\u010dno predavanje: Srbi u Be\u010du i njihova muzika - \u041eSSAW","robots":{"index":"index","follow":"follow","max-snippet":"max-snippet:-1","max-image-preview":"max-image-preview:large","max-video-preview":"max-video-preview:-1"},"canonical":"https:\/\/www.ossaw.at\/naucno-predavanje-srbi-u-becu-i-njihova-muzika\/","og_locale":"de_DE","og_type":"article","og_title":"Nau\u010dno predavanje: Srbi u Be\u010du i njihova muzika - \u041eSSAW","og_description":"Dragi studenti, Sa zadovoljstvom vas obave\u0161tavamo da Srpski kulturni forum \u2013 Be\u010d odr\u017eava jo\u0161 jedan veoma zanimljiv i edukativan doga\u0111aj! U okviru petogodi\u0161njeg ciklusa manifestacija \u201eBe\u010dki prozori\u201d, ove godine na red je do\u0161la i muzi\u010dka povezanost izme\u0111u Srbije i Be\u010da. Cilj ovih manifestacija je da se kroz edukativna predavanja doprinese popularizovanju saznanja o austrijsko-srpskim odnosima [&hellip;]","og_url":"https:\/\/www.ossaw.at\/naucno-predavanje-srbi-u-becu-i-njihova-muzika\/","og_site_name":"\u041eSSAW","article_publisher":"https:\/\/www.facebook.com\/ossaw","article_published_time":"2015-05-16T23:38:34+00:00","article_modified_time":"2015-05-28T15:57:58+00:00","og_image":[{"width":1000,"height":618,"url":"https:\/\/www.ossaw.at\/wp-content\/uploads\/2015\/05\/sajt_Srbi_i_Bec_1.str_.jpg","type":"image\/jpeg"}],"author":"OSSAW Media","twitter_card":"summary_large_image","twitter_misc":{"Verfasst von":"OSSAW Media","Gesch\u00e4tzte Lesezeit":"1\u00a0Minute"},"schema":{"@context":"https:\/\/schema.org","@graph":[{"@type":"Article","@id":"https:\/\/www.ossaw.at\/naucno-predavanje-srbi-u-becu-i-njihova-muzika\/#article","isPartOf":{"@id":"https:\/\/www.ossaw.at\/naucno-predavanje-srbi-u-becu-i-njihova-muzika\/"},"author":{"name":"OSSAW Media","@id":"https:\/\/www.ossaw.at\/#\/schema\/person\/5357760e30652fb4eb06c2e2b971017f"},"headline":"Nau\u010dno predavanje: Srbi u Be\u010du i njihova muzika","datePublished":"2015-05-16T23:38:34+00:00","dateModified":"2015-05-28T15:57:58+00:00","mainEntityOfPage":{"@id":"https:\/\/www.ossaw.at\/naucno-predavanje-srbi-u-becu-i-njihova-muzika\/"},"wordCount":295,"commentCount":0,"publisher":{"@id":"https:\/\/www.ossaw.at\/#organization"},"image":{"@id":"https:\/\/www.ossaw.at\/naucno-predavanje-srbi-u-becu-i-njihova-muzika\/#primaryimage"},"thumbnailUrl":"https:\/\/www.ossaw.at\/wp-content\/uploads\/2015\/05\/sajt_Srbi_i_Bec_1.str_.jpg","articleSection":["\u0412\u0435\u0441\u0442\u0438"],"inLanguage":"de"},{"@type":"WebPage","@id":"https:\/\/www.ossaw.at\/naucno-predavanje-srbi-u-becu-i-njihova-muzika\/","url":"https:\/\/www.ossaw.at\/naucno-predavanje-srbi-u-becu-i-njihova-muzika\/","name":"Nau\u010dno predavanje: Srbi u Be\u010du i njihova muzika - \u041eSSAW","isPartOf":{"@id":"https:\/\/www.ossaw.at\/#website"},"primaryImageOfPage":{"@id":"https:\/\/www.ossaw.at\/naucno-predavanje-srbi-u-becu-i-njihova-muzika\/#primaryimage"},"image":{"@id":"https:\/\/www.ossaw.at\/naucno-predavanje-srbi-u-becu-i-njihova-muzika\/#primaryimage"},"thumbnailUrl":"https:\/\/www.ossaw.at\/wp-content\/uploads\/2015\/05\/sajt_Srbi_i_Bec_1.str_.jpg","datePublished":"2015-05-16T23:38:34+00:00","dateModified":"2015-05-28T15:57:58+00:00","breadcrumb":{"@id":"https:\/\/www.ossaw.at\/naucno-predavanje-srbi-u-becu-i-njihova-muzika\/#breadcrumb"},"inLanguage":"de","potentialAction":[{"@type":"ReadAction","target":["https:\/\/www.ossaw.at\/naucno-predavanje-srbi-u-becu-i-njihova-muzika\/"]}]},{"@type":"ImageObject","inLanguage":"de","@id":"https:\/\/www.ossaw.at\/naucno-predavanje-srbi-u-becu-i-njihova-muzika\/#primaryimage","url":"https:\/\/www.ossaw.at\/wp-content\/uploads\/2015\/05\/sajt_Srbi_i_Bec_1.str_.jpg","contentUrl":"https:\/\/www.ossaw.at\/wp-content\/uploads\/2015\/05\/sajt_Srbi_i_Bec_1.str_.jpg","width":1000,"height":618},{"@type":"BreadcrumbList","@id":"https:\/\/www.ossaw.at\/naucno-predavanje-srbi-u-becu-i-njihova-muzika\/#breadcrumb","itemListElement":[{"@type":"ListItem","position":1,"name":"\u041f\u043e\u0447\u0435\u0442\u043d\u0430","item":"https:\/\/www.ossaw.at\/"},{"@type":"ListItem","position":2,"name":"Nau\u010dno predavanje: Srbi u Be\u010du i njihova muzika"}]},{"@type":"WebSite","@id":"https:\/\/www.ossaw.at\/#website","url":"https:\/\/www.ossaw.at\/","name":"\u041eSSAW","description":"Organisation Serbischer Studenten im Ausland - Wien","publisher":{"@id":"https:\/\/www.ossaw.at\/#organization"},"potentialAction":[{"@type":"SearchAction","target":{"@type":"EntryPoint","urlTemplate":"https:\/\/www.ossaw.at\/?s={search_term_string}"},"query-input":{"@type":"PropertyValueSpecification","valueRequired":true,"valueName":"search_term_string"}}],"inLanguage":"de"},{"@type":"Organization","@id":"https:\/\/www.ossaw.at\/#organization","name":"\u041e\u0441\u0441\u0438 - \u0411\u0435\u0447","url":"https:\/\/www.ossaw.at\/","logo":{"@type":"ImageObject","inLanguage":"de","@id":"https:\/\/www.ossaw.at\/#\/schema\/logo\/image\/","url":"https:\/\/www.ossaw.at\/wp-content\/uploads\/2016\/07\/OSSAW-logo-cirilica-page-001-2.jpg","contentUrl":"https:\/\/www.ossaw.at\/wp-content\/uploads\/2016\/07\/OSSAW-logo-cirilica-page-001-2.jpg","width":1448,"height":1024,"caption":"\u041e\u0441\u0441\u0438 - \u0411\u0435\u0447"},"image":{"@id":"https:\/\/www.ossaw.at\/#\/schema\/logo\/image\/"},"sameAs":["https:\/\/www.facebook.com\/ossaw","https:\/\/www.instagram.com\/ossa_wien\/","https:\/\/www.linkedin.com\/company\/organisation-of-serbian-students-abroad---vienna"]},{"@type":"Person","@id":"https:\/\/www.ossaw.at\/#\/schema\/person\/5357760e30652fb4eb06c2e2b971017f","name":"OSSAW Media","image":{"@type":"ImageObject","inLanguage":"de","@id":"https:\/\/www.ossaw.at\/#\/schema\/person\/image\/","url":"https:\/\/secure.gravatar.com\/avatar\/3be439b9bb8444259b85eb9d68d46ba4?s=96&d=mm&r=pg","contentUrl":"https:\/\/secure.gravatar.com\/avatar\/3be439b9bb8444259b85eb9d68d46ba4?s=96&d=mm&r=pg","caption":"OSSAW Media"},"url":"https:\/\/www.ossaw.at\/de\/author\/official-ossaw\/"}]}},"_links":{"self":[{"href":"https:\/\/www.ossaw.at\/de\/wp-json\/wp\/v2\/posts\/6080"}],"collection":[{"href":"https:\/\/www.ossaw.at\/de\/wp-json\/wp\/v2\/posts"}],"about":[{"href":"https:\/\/www.ossaw.at\/de\/wp-json\/wp\/v2\/types\/post"}],"author":[{"embeddable":true,"href":"https:\/\/www.ossaw.at\/de\/wp-json\/wp\/v2\/users\/25"}],"replies":[{"embeddable":true,"href":"https:\/\/www.ossaw.at\/de\/wp-json\/wp\/v2\/comments?post=6080"}],"version-history":[{"count":0,"href":"https:\/\/www.ossaw.at\/de\/wp-json\/wp\/v2\/posts\/6080\/revisions"}],"wp:featuredmedia":[{"embeddable":true,"href":"https:\/\/www.ossaw.at\/de\/wp-json\/wp\/v2\/media\/6081"}],"wp:attachment":[{"href":"https:\/\/www.ossaw.at\/de\/wp-json\/wp\/v2\/media?parent=6080"}],"wp:term":[{"taxonomy":"category","embeddable":true,"href":"https:\/\/www.ossaw.at\/de\/wp-json\/wp\/v2\/categories?post=6080"},{"taxonomy":"post_tag","embeddable":true,"href":"https:\/\/www.ossaw.at\/de\/wp-json\/wp\/v2\/tags?post=6080"}],"curies":[{"name":"wp","href":"https:\/\/api.w.org\/{rel}","templated":true}]}}