{"id":6134,"date":"2016-05-16T11:17:43","date_gmt":"2016-05-16T09:17:43","guid":{"rendered":"http:\/\/ossaw.at\/?p=6134"},"modified":"2016-05-24T21:03:35","modified_gmt":"2016-05-24T19:03:35","slug":"pocinje-becki-bierfest","status":"publish","type":"post","link":"https:\/\/www.ossaw.at\/de\/pocinje-becki-bierfest\/","title":{"rendered":"Po\u010dinje be\u010dki Bierfest!"},"content":{"rendered":"<p>Svi ljubitelji piva i dobrog provoda ima\u0107e priliku da u narednih nekolika dana posete Bierfest koji se ve\u0107 6. put odr\u017eava i to u samom centru Be\u010da!<\/p>\n<p>Vi\u0161e od 30 pivara sa istoka, zapada, severa i juga Austrije predstavi\u0107e Be\u010dlijama svoju bogatu i raznovrsnu ponudu piva, za koju tvrde da je najbolja do sada. Bilo da volite svetlo ili tamno, bistro ili mutno, bezalkoholno ili sa ve\u0107im procentom alkohola \u2013 izlaga\u010di \u0107e se sa zadovoljstvom potruditi da prona\u0111u savr\u0161eno pivo za vas!<\/p>\n<p>Pored \u201elaganih\u201d 250 sorti piva, posetiocima festivala bi\u0107e predstavljeni i tradicionalni kulinarski specijaliteti iz cele Austrije, a o\u010dekuje ih i raznolik muzi\u010dki program.<\/p>\n<p>Detaljan program mo\u017eete pogledati na: <a href=\"http:\/\/www.wienerbierfest.at\/index.php\/programm\">www.wienerbierfest.at\/index.php\/programm<\/a>, a vi\u0161e informacija o ovogodi\u0161njem Bierfestu-u potra\u017eite ovde: <a href=\"http:\/\/www.wienerbierfest.at\/\">www.wienerbierfest.at<\/a>.<\/p>\n<p><b>Datum i vreme<\/b>: od 28. do 31. maja 2015.\u2502od 11:00 do 22:00\u010d, nedelja: do 20:00\u010d<\/p>\n<p><b>Mesto<\/b>: Am Hof, 1010 Wien<\/p>\n<p>Austrijanci za svoju dr\u017eavu ka\u017eu da je prava pivska zemlja sa dugom tradicijom, stoga ne propustite priliku da se i sami uverite u to!<\/p>\n<p>&nbsp;<\/p>\n<p align=\"right\">OSSI Be\u010d vam \u017eeli sjajan vikend!<\/p>\n<p><\/p>","protected":false},"excerpt":{"rendered":"<p>Svi ljubitelji piva i dobrog provoda ima\u0107e priliku da u narednih nekolika dana posete Bierfest koji se ve\u0107 6. put odr\u017eava i to u samom centru Be\u010da! Vi\u0161e od 30 pivara sa istoka, zapada, severa i juga Austrije predstavi\u0107e Be\u010dlijama svoju bogatu i raznovrsnu ponudu piva, za koju tvrde da je najbolja do sada. Bilo [&hellip;]<\/p>\n","protected":false},"author":25,"featured_media":7805,"comment_status":"closed","ping_status":"closed","sticky":false,"template":"","format":"standard","meta":{"footnotes":""},"categories":[205],"tags":[],"yoast_head":"<!-- This site is optimized with the Yoast SEO plugin v23.5 - https:\/\/yoast.com\/wordpress\/plugins\/seo\/ -->\n<title>Po\u010dinje be\u010dki Bierfest! - \u041eSSAW<\/title>\n<meta name=\"robots\" content=\"index, follow, max-snippet:-1, max-image-preview:large, max-video-preview:-1\" \/>\n<link rel=\"canonical\" href=\"https:\/\/www.ossaw.at\/pocinje-becki-bierfest\/\" \/>\n<meta property=\"og:locale\" content=\"de_DE\" \/>\n<meta property=\"og:type\" content=\"article\" \/>\n<meta property=\"og:title\" content=\"Po\u010dinje be\u010dki Bierfest! - \u041eSSAW\" \/>\n<meta property=\"og:description\" content=\"Svi ljubitelji piva i dobrog provoda ima\u0107e priliku da u narednih nekolika dana posete Bierfest koji se ve\u0107 6. put odr\u017eava i to u samom centru Be\u010da! Vi\u0161e od 30 pivara sa istoka, zapada, severa i juga Austrije predstavi\u0107e Be\u010dlijama svoju bogatu i raznovrsnu ponudu piva, za koju tvrde da je najbolja do sada. Bilo [&hellip;]\" \/>\n<meta property=\"og:url\" content=\"https:\/\/www.ossaw.at\/pocinje-becki-bierfest\/\" \/>\n<meta property=\"og:site_name\" content=\"\u041eSSAW\" \/>\n<meta property=\"article:publisher\" content=\"https:\/\/www.facebook.com\/ossaw\" \/>\n<meta property=\"article:published_time\" content=\"2016-05-16T09:17:43+00:00\" \/>\n<meta property=\"article:modified_time\" content=\"2016-05-24T19:03:35+00:00\" \/>\n<meta property=\"og:image\" content=\"https:\/\/www.ossaw.at\/wp-content\/uploads\/2016\/05\/Wiener-Bierfest-950x650.jpg\" \/>\n\t<meta property=\"og:image:width\" content=\"950\" \/>\n\t<meta property=\"og:image:height\" content=\"650\" \/>\n\t<meta property=\"og:image:type\" content=\"image\/jpeg\" \/>\n<meta name=\"author\" content=\"OSSAW Media\" \/>\n<meta name=\"twitter:card\" content=\"summary_large_image\" \/>\n<meta name=\"twitter:label1\" content=\"Verfasst von\" \/>\n\t<meta name=\"twitter:data1\" content=\"OSSAW Media\" \/>\n\t<meta name=\"twitter:label2\" content=\"Gesch\u00e4tzte Lesezeit\" \/>\n\t<meta name=\"twitter:data2\" content=\"2\u00a0Minuten\" \/>\n<script type=\"application\/ld+json\" class=\"yoast-schema-graph\">{\"@context\":\"https:\/\/schema.org\",\"@graph\":[{\"@type\":\"Article\",\"@id\":\"https:\/\/www.ossaw.at\/pocinje-becki-bierfest\/#article\",\"isPartOf\":{\"@id\":\"https:\/\/www.ossaw.at\/pocinje-becki-bierfest\/\"},\"author\":{\"name\":\"OSSAW Media\",\"@id\":\"https:\/\/www.ossaw.at\/#\/schema\/person\/5357760e30652fb4eb06c2e2b971017f\"},\"headline\":\"Po\u010dinje be\u010dki Bierfest!\",\"datePublished\":\"2016-05-16T09:17:43+00:00\",\"dateModified\":\"2016-05-24T19:03:35+00:00\",\"mainEntityOfPage\":{\"@id\":\"https:\/\/www.ossaw.at\/pocinje-becki-bierfest\/\"},\"wordCount\":383,\"publisher\":{\"@id\":\"https:\/\/www.ossaw.at\/#organization\"},\"image\":{\"@id\":\"https:\/\/www.ossaw.at\/pocinje-becki-bierfest\/#primaryimage\"},\"thumbnailUrl\":\"https:\/\/www.ossaw.at\/wp-content\/uploads\/2016\/05\/Wiener-Bierfest-950x650.jpg\",\"articleSection\":[\"\u0412\u0435\u0441\u0442\u0438\"],\"inLanguage\":\"de\"},{\"@type\":\"WebPage\",\"@id\":\"https:\/\/www.ossaw.at\/pocinje-becki-bierfest\/\",\"url\":\"https:\/\/www.ossaw.at\/pocinje-becki-bierfest\/\",\"name\":\"Po\u010dinje be\u010dki Bierfest! - \u041eSSAW\",\"isPartOf\":{\"@id\":\"https:\/\/www.ossaw.at\/#website\"},\"primaryImageOfPage\":{\"@id\":\"https:\/\/www.ossaw.at\/pocinje-becki-bierfest\/#primaryimage\"},\"image\":{\"@id\":\"https:\/\/www.ossaw.at\/pocinje-becki-bierfest\/#primaryimage\"},\"thumbnailUrl\":\"https:\/\/www.ossaw.at\/wp-content\/uploads\/2016\/05\/Wiener-Bierfest-950x650.jpg\",\"datePublished\":\"2016-05-16T09:17:43+00:00\",\"dateModified\":\"2016-05-24T19:03:35+00:00\",\"breadcrumb\":{\"@id\":\"https:\/\/www.ossaw.at\/pocinje-becki-bierfest\/#breadcrumb\"},\"inLanguage\":\"de\",\"potentialAction\":[{\"@type\":\"ReadAction\",\"target\":[\"https:\/\/www.ossaw.at\/pocinje-becki-bierfest\/\"]}]},{\"@type\":\"ImageObject\",\"inLanguage\":\"de\",\"@id\":\"https:\/\/www.ossaw.at\/pocinje-becki-bierfest\/#primaryimage\",\"url\":\"https:\/\/www.ossaw.at\/wp-content\/uploads\/2016\/05\/Wiener-Bierfest-950x650.jpg\",\"contentUrl\":\"https:\/\/www.ossaw.at\/wp-content\/uploads\/2016\/05\/Wiener-Bierfest-950x650.jpg\",\"width\":950,\"height\":650},{\"@type\":\"BreadcrumbList\",\"@id\":\"https:\/\/www.ossaw.at\/pocinje-becki-bierfest\/#breadcrumb\",\"itemListElement\":[{\"@type\":\"ListItem\",\"position\":1,\"name\":\"\u041f\u043e\u0447\u0435\u0442\u043d\u0430\",\"item\":\"https:\/\/www.ossaw.at\/\"},{\"@type\":\"ListItem\",\"position\":2,\"name\":\"Po\u010dinje 7. be\u010dki Bierfest!\"}]},{\"@type\":\"WebSite\",\"@id\":\"https:\/\/www.ossaw.at\/#website\",\"url\":\"https:\/\/www.ossaw.at\/\",\"name\":\"\u041eSSAW\",\"description\":\"Organisation Serbischer Studenten im Ausland - Wien\",\"publisher\":{\"@id\":\"https:\/\/www.ossaw.at\/#organization\"},\"potentialAction\":[{\"@type\":\"SearchAction\",\"target\":{\"@type\":\"EntryPoint\",\"urlTemplate\":\"https:\/\/www.ossaw.at\/?s={search_term_string}\"},\"query-input\":{\"@type\":\"PropertyValueSpecification\",\"valueRequired\":true,\"valueName\":\"search_term_string\"}}],\"inLanguage\":\"de\"},{\"@type\":\"Organization\",\"@id\":\"https:\/\/www.ossaw.at\/#organization\",\"name\":\"\u041e\u0441\u0441\u0438 - \u0411\u0435\u0447\",\"url\":\"https:\/\/www.ossaw.at\/\",\"logo\":{\"@type\":\"ImageObject\",\"inLanguage\":\"de\",\"@id\":\"https:\/\/www.ossaw.at\/#\/schema\/logo\/image\/\",\"url\":\"https:\/\/www.ossaw.at\/wp-content\/uploads\/2016\/07\/OSSAW-logo-cirilica-page-001-2.jpg\",\"contentUrl\":\"https:\/\/www.ossaw.at\/wp-content\/uploads\/2016\/07\/OSSAW-logo-cirilica-page-001-2.jpg\",\"width\":1448,\"height\":1024,\"caption\":\"\u041e\u0441\u0441\u0438 - \u0411\u0435\u0447\"},\"image\":{\"@id\":\"https:\/\/www.ossaw.at\/#\/schema\/logo\/image\/\"},\"sameAs\":[\"https:\/\/www.facebook.com\/ossaw\",\"https:\/\/www.instagram.com\/ossa_wien\/\",\"https:\/\/www.linkedin.com\/company\/organisation-of-serbian-students-abroad---vienna\"]},{\"@type\":\"Person\",\"@id\":\"https:\/\/www.ossaw.at\/#\/schema\/person\/5357760e30652fb4eb06c2e2b971017f\",\"name\":\"OSSAW Media\",\"image\":{\"@type\":\"ImageObject\",\"inLanguage\":\"de\",\"@id\":\"https:\/\/www.ossaw.at\/#\/schema\/person\/image\/\",\"url\":\"https:\/\/secure.gravatar.com\/avatar\/3be439b9bb8444259b85eb9d68d46ba4?s=96&d=mm&r=pg\",\"contentUrl\":\"https:\/\/secure.gravatar.com\/avatar\/3be439b9bb8444259b85eb9d68d46ba4?s=96&d=mm&r=pg\",\"caption\":\"OSSAW Media\"},\"url\":\"https:\/\/www.ossaw.at\/de\/author\/official-ossaw\/\"}]}<\/script>\n<!-- \/ Yoast SEO plugin. -->","yoast_head_json":{"title":"Po\u010dinje be\u010dki Bierfest! - \u041eSSAW","robots":{"index":"index","follow":"follow","max-snippet":"max-snippet:-1","max-image-preview":"max-image-preview:large","max-video-preview":"max-video-preview:-1"},"canonical":"https:\/\/www.ossaw.at\/pocinje-becki-bierfest\/","og_locale":"de_DE","og_type":"article","og_title":"Po\u010dinje be\u010dki Bierfest! - \u041eSSAW","og_description":"Svi ljubitelji piva i dobrog provoda ima\u0107e priliku da u narednih nekolika dana posete Bierfest koji se ve\u0107 6. put odr\u017eava i to u samom centru Be\u010da! Vi\u0161e od 30 pivara sa istoka, zapada, severa i juga Austrije predstavi\u0107e Be\u010dlijama svoju bogatu i raznovrsnu ponudu piva, za koju tvrde da je najbolja do sada. Bilo [&hellip;]","og_url":"https:\/\/www.ossaw.at\/pocinje-becki-bierfest\/","og_site_name":"\u041eSSAW","article_publisher":"https:\/\/www.facebook.com\/ossaw","article_published_time":"2016-05-16T09:17:43+00:00","article_modified_time":"2016-05-24T19:03:35+00:00","og_image":[{"width":950,"height":650,"url":"https:\/\/www.ossaw.at\/wp-content\/uploads\/2016\/05\/Wiener-Bierfest-950x650.jpg","type":"image\/jpeg"}],"author":"OSSAW Media","twitter_card":"summary_large_image","twitter_misc":{"Verfasst von":"OSSAW Media","Gesch\u00e4tzte Lesezeit":"2\u00a0Minuten"},"schema":{"@context":"https:\/\/schema.org","@graph":[{"@type":"Article","@id":"https:\/\/www.ossaw.at\/pocinje-becki-bierfest\/#article","isPartOf":{"@id":"https:\/\/www.ossaw.at\/pocinje-becki-bierfest\/"},"author":{"name":"OSSAW Media","@id":"https:\/\/www.ossaw.at\/#\/schema\/person\/5357760e30652fb4eb06c2e2b971017f"},"headline":"Po\u010dinje be\u010dki Bierfest!","datePublished":"2016-05-16T09:17:43+00:00","dateModified":"2016-05-24T19:03:35+00:00","mainEntityOfPage":{"@id":"https:\/\/www.ossaw.at\/pocinje-becki-bierfest\/"},"wordCount":383,"publisher":{"@id":"https:\/\/www.ossaw.at\/#organization"},"image":{"@id":"https:\/\/www.ossaw.at\/pocinje-becki-bierfest\/#primaryimage"},"thumbnailUrl":"https:\/\/www.ossaw.at\/wp-content\/uploads\/2016\/05\/Wiener-Bierfest-950x650.jpg","articleSection":["\u0412\u0435\u0441\u0442\u0438"],"inLanguage":"de"},{"@type":"WebPage","@id":"https:\/\/www.ossaw.at\/pocinje-becki-bierfest\/","url":"https:\/\/www.ossaw.at\/pocinje-becki-bierfest\/","name":"Po\u010dinje be\u010dki Bierfest! - \u041eSSAW","isPartOf":{"@id":"https:\/\/www.ossaw.at\/#website"},"primaryImageOfPage":{"@id":"https:\/\/www.ossaw.at\/pocinje-becki-bierfest\/#primaryimage"},"image":{"@id":"https:\/\/www.ossaw.at\/pocinje-becki-bierfest\/#primaryimage"},"thumbnailUrl":"https:\/\/www.ossaw.at\/wp-content\/uploads\/2016\/05\/Wiener-Bierfest-950x650.jpg","datePublished":"2016-05-16T09:17:43+00:00","dateModified":"2016-05-24T19:03:35+00:00","breadcrumb":{"@id":"https:\/\/www.ossaw.at\/pocinje-becki-bierfest\/#breadcrumb"},"inLanguage":"de","potentialAction":[{"@type":"ReadAction","target":["https:\/\/www.ossaw.at\/pocinje-becki-bierfest\/"]}]},{"@type":"ImageObject","inLanguage":"de","@id":"https:\/\/www.ossaw.at\/pocinje-becki-bierfest\/#primaryimage","url":"https:\/\/www.ossaw.at\/wp-content\/uploads\/2016\/05\/Wiener-Bierfest-950x650.jpg","contentUrl":"https:\/\/www.ossaw.at\/wp-content\/uploads\/2016\/05\/Wiener-Bierfest-950x650.jpg","width":950,"height":650},{"@type":"BreadcrumbList","@id":"https:\/\/www.ossaw.at\/pocinje-becki-bierfest\/#breadcrumb","itemListElement":[{"@type":"ListItem","position":1,"name":"\u041f\u043e\u0447\u0435\u0442\u043d\u0430","item":"https:\/\/www.ossaw.at\/"},{"@type":"ListItem","position":2,"name":"Po\u010dinje 7. be\u010dki Bierfest!"}]},{"@type":"WebSite","@id":"https:\/\/www.ossaw.at\/#website","url":"https:\/\/www.ossaw.at\/","name":"\u041eSSAW","description":"Organisation Serbischer Studenten im Ausland - Wien","publisher":{"@id":"https:\/\/www.ossaw.at\/#organization"},"potentialAction":[{"@type":"SearchAction","target":{"@type":"EntryPoint","urlTemplate":"https:\/\/www.ossaw.at\/?s={search_term_string}"},"query-input":{"@type":"PropertyValueSpecification","valueRequired":true,"valueName":"search_term_string"}}],"inLanguage":"de"},{"@type":"Organization","@id":"https:\/\/www.ossaw.at\/#organization","name":"\u041e\u0441\u0441\u0438 - \u0411\u0435\u0447","url":"https:\/\/www.ossaw.at\/","logo":{"@type":"ImageObject","inLanguage":"de","@id":"https:\/\/www.ossaw.at\/#\/schema\/logo\/image\/","url":"https:\/\/www.ossaw.at\/wp-content\/uploads\/2016\/07\/OSSAW-logo-cirilica-page-001-2.jpg","contentUrl":"https:\/\/www.ossaw.at\/wp-content\/uploads\/2016\/07\/OSSAW-logo-cirilica-page-001-2.jpg","width":1448,"height":1024,"caption":"\u041e\u0441\u0441\u0438 - \u0411\u0435\u0447"},"image":{"@id":"https:\/\/www.ossaw.at\/#\/schema\/logo\/image\/"},"sameAs":["https:\/\/www.facebook.com\/ossaw","https:\/\/www.instagram.com\/ossa_wien\/","https:\/\/www.linkedin.com\/company\/organisation-of-serbian-students-abroad---vienna"]},{"@type":"Person","@id":"https:\/\/www.ossaw.at\/#\/schema\/person\/5357760e30652fb4eb06c2e2b971017f","name":"OSSAW Media","image":{"@type":"ImageObject","inLanguage":"de","@id":"https:\/\/www.ossaw.at\/#\/schema\/person\/image\/","url":"https:\/\/secure.gravatar.com\/avatar\/3be439b9bb8444259b85eb9d68d46ba4?s=96&d=mm&r=pg","contentUrl":"https:\/\/secure.gravatar.com\/avatar\/3be439b9bb8444259b85eb9d68d46ba4?s=96&d=mm&r=pg","caption":"OSSAW Media"},"url":"https:\/\/www.ossaw.at\/de\/author\/official-ossaw\/"}]}},"_links":{"self":[{"href":"https:\/\/www.ossaw.at\/de\/wp-json\/wp\/v2\/posts\/6134"}],"collection":[{"href":"https:\/\/www.ossaw.at\/de\/wp-json\/wp\/v2\/posts"}],"about":[{"href":"https:\/\/www.ossaw.at\/de\/wp-json\/wp\/v2\/types\/post"}],"author":[{"embeddable":true,"href":"https:\/\/www.ossaw.at\/de\/wp-json\/wp\/v2\/users\/25"}],"replies":[{"embeddable":true,"href":"https:\/\/www.ossaw.at\/de\/wp-json\/wp\/v2\/comments?post=6134"}],"version-history":[{"count":0,"href":"https:\/\/www.ossaw.at\/de\/wp-json\/wp\/v2\/posts\/6134\/revisions"}],"wp:featuredmedia":[{"embeddable":true,"href":"https:\/\/www.ossaw.at\/de\/wp-json\/wp\/v2\/media\/7805"}],"wp:attachment":[{"href":"https:\/\/www.ossaw.at\/de\/wp-json\/wp\/v2\/media?parent=6134"}],"wp:term":[{"taxonomy":"category","embeddable":true,"href":"https:\/\/www.ossaw.at\/de\/wp-json\/wp\/v2\/categories?post=6134"},{"taxonomy":"post_tag","embeddable":true,"href":"https:\/\/www.ossaw.at\/de\/wp-json\/wp\/v2\/tags?post=6134"}],"curies":[{"name":"wp","href":"https:\/\/api.w.org\/{rel}","templated":true}]}}