{"id":6226,"date":"2015-07-17T17:56:25","date_gmt":"2015-07-14T15:33:22","guid":{"rendered":"http:\/\/ossaw.at\/?p=6226"},"modified":"2015-09-16T22:46:08","modified_gmt":"2015-09-16T20:46:08","slug":"ossilacija-2015","status":"publish","type":"post","link":"https:\/\/www.ossaw.at\/de\/ossilacija-2015\/","title":{"rendered":"OSSIlacija 2015"},"content":{"rendered":"<p align=\"center\"><b>OSSIlacija 2015<\/b><\/p>\n<p>&nbsp;<\/p>\n<p>Dragi OSSIjevci,<\/p>\n<p>Posle mnogo rada, s velikim zadovoljstvom vam predstavljamo OSSIlaciju 2015!<\/p>\n<p><span style=\"font-family: inherit; font-size: inherit; font-weight: inherit; line-height: 1.6;\">U najlep\u0161em zdanju koje na\u0161a dr\u017eava ima, u Domu Narodne skup\u0161tine Republike Srbije, 15. avgusta \u0107emo odr\u017eati OSSIlaciju.<\/span><\/p>\n<p>Ovogodi\u0161nji govornici \u0107e biti osniva\u010di Organizacije srpskih studenata u inostranstvu, Vuk Jeremi\u0107 i prof. dr Ana Trbovi\u0107. Budu\u0107i da ove godine proslavljamo 18 godina od osnivanja, velika nam je \u010dast \u0161to \u0107e govor simboli\u010dno odr\u017eati sami osniva\u010di OSSIja. Ponosni smo na \u010dinjenicu da posle 18 godina oni jo\u0161 uvek veruju i podr\u017eavaju na\u0161 rad.<\/p>\n<p><span style=\"font-family: inherit; font-size: inherit; font-weight: inherit; line-height: 1.6;\">Generalni sponzor predstoje\u0107e OSSIlacije je kompanija <\/span><i style=\"font-family: inherit; font-size: inherit; font-weight: inherit; line-height: 1.6;\">A. T. Kearney<\/i><span style=\"font-family: inherit; font-size: inherit; font-weight: inherit; line-height: 1.6;\">.<\/span><\/p>\n<p><span style=\"font-family: inherit; font-size: inherit; font-weight: inherit; line-height: 1.6;\">S obzirom na to da o\u010dekujemo preko 200 gostiju, pozivamo sve OSSIjevce da se prijave putem imejla na <\/span><a style=\"font-family: inherit; font-size: inherit; font-weight: inherit; line-height: 1.6;\" href=\"mailto:ossilacija2015@ossi.rs\">ossilacija2015@ossi.rs<\/a><span style=\"font-family: inherit; font-size: inherit; font-weight: inherit; line-height: 1.6;\"> i potvrde svoje prisustvo.<\/span><\/p>\n<p><span style=\"font-family: inherit; font-size: inherit; font-weight: inherit; line-height: 1.6;\">Zbog bezbednosnog protokola Skup\u0161tine, neophodno je da svi budemo prijavljeni imenom i prezimenom. O\u010dekujemo veliki odaziv OSSIjevaca stoga po\u017eurite s prijavom kako biste obezbedili svoje mesto u Skup\u0161tini Srbije. Podse\u0107amo vas da se mo\u017eete prijaviti jedino ukoliko ste registrovani na sajtu OSSIja.<\/span><\/p>\n<p><span style=\"font-family: inherit; font-size: inherit; font-weight: inherit; line-height: 1.6;\">Istog dana, s po\u010detkom u 10 \u010dasova, \u0107emo odr\u017eati zatvorenu Skup\u0161tinu samo za na\u0161e \u010dlanove. U svojoj prijavi naglasite da se prijavljujete za oba doga\u0111aja.<\/span><\/p>\n<p><span style=\"font-family: inherit; font-size: inherit; font-weight: inherit; line-height: 1.6;\">Uvereni smo da \u0107e ovogodi\u0161nja OSSIlacija biti najbolja do sada!<\/span><\/p>\n<p><span style=\"font-family: inherit; font-size: inherit; font-weight: inherit; line-height: 1.6;\">\u00a0<\/span>Vidimo se 15. avgusta!<\/p>\n<p>&nbsp;<\/p>\n<p>Puno pozdrava,<\/p>\n<p>Va\u0161 OSSI<\/p>\n<p>&nbsp;<\/p>\n","protected":false},"excerpt":{"rendered":"<p>OSSIlacija 2015 &nbsp; Dragi OSSIjevci, Posle mnogo rada, s velikim zadovoljstvom vam predstavljamo OSSIlaciju 2015! U najlep\u0161em zdanju koje na\u0161a dr\u017eava ima, u Domu Narodne skup\u0161tine Republike Srbije, 15. avgusta \u0107emo odr\u017eati OSSIlaciju. Ovogodi\u0161nji govornici \u0107e biti osniva\u010di Organizacije srpskih studenata u inostranstvu, Vuk Jeremi\u0107 i prof. dr Ana Trbovi\u0107. Budu\u0107i da ove godine proslavljamo [&hellip;]<\/p>\n","protected":false},"author":25,"featured_media":6241,"comment_status":"closed","ping_status":"open","sticky":false,"template":"","format":"standard","meta":{"footnotes":""},"categories":[205],"tags":[],"yoast_head":"<!-- This site is optimized with the Yoast SEO plugin v23.5 - https:\/\/yoast.com\/wordpress\/plugins\/seo\/ -->\n<title>OSSIlacija 2015 - \u041eSSAW<\/title>\n<meta name=\"robots\" content=\"index, follow, max-snippet:-1, max-image-preview:large, max-video-preview:-1\" \/>\n<link rel=\"canonical\" href=\"https:\/\/www.ossaw.at\/ossilacija-2015\/\" \/>\n<meta property=\"og:locale\" content=\"de_DE\" \/>\n<meta property=\"og:type\" content=\"article\" \/>\n<meta property=\"og:title\" content=\"OSSIlacija 2015 - \u041eSSAW\" \/>\n<meta property=\"og:description\" content=\"OSSIlacija 2015 &nbsp; Dragi OSSIjevci, Posle mnogo rada, s velikim zadovoljstvom vam predstavljamo OSSIlaciju 2015! U najlep\u0161em zdanju koje na\u0161a dr\u017eava ima, u Domu Narodne skup\u0161tine Republike Srbije, 15. avgusta \u0107emo odr\u017eati OSSIlaciju. Ovogodi\u0161nji govornici \u0107e biti osniva\u010di Organizacije srpskih studenata u inostranstvu, Vuk Jeremi\u0107 i prof. dr Ana Trbovi\u0107. Budu\u0107i da ove godine proslavljamo [&hellip;]\" \/>\n<meta property=\"og:url\" content=\"https:\/\/www.ossaw.at\/ossilacija-2015\/\" \/>\n<meta property=\"og:site_name\" content=\"\u041eSSAW\" \/>\n<meta property=\"article:publisher\" content=\"https:\/\/www.facebook.com\/ossaw\" \/>\n<meta property=\"article:published_time\" content=\"2015-07-14T15:33:22+00:00\" \/>\n<meta property=\"article:modified_time\" content=\"2015-09-16T20:46:08+00:00\" \/>\n<meta property=\"og:image\" content=\"https:\/\/www.ossaw.at\/wp-content\/uploads\/2015\/07\/d807c-ossilacija20151.jpg\" \/>\n\t<meta property=\"og:image:width\" content=\"600\" \/>\n\t<meta property=\"og:image:height\" content=\"410\" \/>\n\t<meta property=\"og:image:type\" content=\"image\/jpeg\" \/>\n<meta name=\"author\" content=\"OSSAW Media\" \/>\n<meta name=\"twitter:card\" content=\"summary_large_image\" \/>\n<meta name=\"twitter:label1\" content=\"Verfasst von\" \/>\n\t<meta name=\"twitter:data1\" content=\"OSSAW Media\" \/>\n\t<meta name=\"twitter:label2\" content=\"Gesch\u00e4tzte Lesezeit\" \/>\n\t<meta name=\"twitter:data2\" content=\"1\u00a0Minute\" \/>\n<script type=\"application\/ld+json\" class=\"yoast-schema-graph\">{\"@context\":\"https:\/\/schema.org\",\"@graph\":[{\"@type\":\"Article\",\"@id\":\"https:\/\/www.ossaw.at\/ossilacija-2015\/#article\",\"isPartOf\":{\"@id\":\"https:\/\/www.ossaw.at\/ossilacija-2015\/\"},\"author\":{\"name\":\"OSSAW Media\",\"@id\":\"https:\/\/www.ossaw.at\/#\/schema\/person\/5357760e30652fb4eb06c2e2b971017f\"},\"headline\":\"OSSIlacija 2015\",\"datePublished\":\"2015-07-14T15:33:22+00:00\",\"dateModified\":\"2015-09-16T20:46:08+00:00\",\"mainEntityOfPage\":{\"@id\":\"https:\/\/www.ossaw.at\/ossilacija-2015\/\"},\"wordCount\":227,\"publisher\":{\"@id\":\"https:\/\/www.ossaw.at\/#organization\"},\"image\":{\"@id\":\"https:\/\/www.ossaw.at\/ossilacija-2015\/#primaryimage\"},\"thumbnailUrl\":\"https:\/\/www.ossaw.at\/wp-content\/uploads\/2015\/07\/d807c-ossilacija20151.jpg\",\"articleSection\":[\"\u0412\u0435\u0441\u0442\u0438\"],\"inLanguage\":\"de\"},{\"@type\":\"WebPage\",\"@id\":\"https:\/\/www.ossaw.at\/ossilacija-2015\/\",\"url\":\"https:\/\/www.ossaw.at\/ossilacija-2015\/\",\"name\":\"OSSIlacija 2015 - \u041eSSAW\",\"isPartOf\":{\"@id\":\"https:\/\/www.ossaw.at\/#website\"},\"primaryImageOfPage\":{\"@id\":\"https:\/\/www.ossaw.at\/ossilacija-2015\/#primaryimage\"},\"image\":{\"@id\":\"https:\/\/www.ossaw.at\/ossilacija-2015\/#primaryimage\"},\"thumbnailUrl\":\"https:\/\/www.ossaw.at\/wp-content\/uploads\/2015\/07\/d807c-ossilacija20151.jpg\",\"datePublished\":\"2015-07-14T15:33:22+00:00\",\"dateModified\":\"2015-09-16T20:46:08+00:00\",\"breadcrumb\":{\"@id\":\"https:\/\/www.ossaw.at\/ossilacija-2015\/#breadcrumb\"},\"inLanguage\":\"de\",\"potentialAction\":[{\"@type\":\"ReadAction\",\"target\":[\"https:\/\/www.ossaw.at\/ossilacija-2015\/\"]}]},{\"@type\":\"ImageObject\",\"inLanguage\":\"de\",\"@id\":\"https:\/\/www.ossaw.at\/ossilacija-2015\/#primaryimage\",\"url\":\"https:\/\/www.ossaw.at\/wp-content\/uploads\/2015\/07\/d807c-ossilacija20151.jpg\",\"contentUrl\":\"https:\/\/www.ossaw.at\/wp-content\/uploads\/2015\/07\/d807c-ossilacija20151.jpg\",\"width\":600,\"height\":410},{\"@type\":\"BreadcrumbList\",\"@id\":\"https:\/\/www.ossaw.at\/ossilacija-2015\/#breadcrumb\",\"itemListElement\":[{\"@type\":\"ListItem\",\"position\":1,\"name\":\"\u041f\u043e\u0447\u0435\u0442\u043d\u0430\",\"item\":\"https:\/\/www.ossaw.at\/\"},{\"@type\":\"ListItem\",\"position\":2,\"name\":\"OSSIlacija 2015\"}]},{\"@type\":\"WebSite\",\"@id\":\"https:\/\/www.ossaw.at\/#website\",\"url\":\"https:\/\/www.ossaw.at\/\",\"name\":\"\u041eSSAW\",\"description\":\"Organisation Serbischer Studenten im Ausland - Wien\",\"publisher\":{\"@id\":\"https:\/\/www.ossaw.at\/#organization\"},\"potentialAction\":[{\"@type\":\"SearchAction\",\"target\":{\"@type\":\"EntryPoint\",\"urlTemplate\":\"https:\/\/www.ossaw.at\/?s={search_term_string}\"},\"query-input\":{\"@type\":\"PropertyValueSpecification\",\"valueRequired\":true,\"valueName\":\"search_term_string\"}}],\"inLanguage\":\"de\"},{\"@type\":\"Organization\",\"@id\":\"https:\/\/www.ossaw.at\/#organization\",\"name\":\"\u041e\u0441\u0441\u0438 - \u0411\u0435\u0447\",\"url\":\"https:\/\/www.ossaw.at\/\",\"logo\":{\"@type\":\"ImageObject\",\"inLanguage\":\"de\",\"@id\":\"https:\/\/www.ossaw.at\/#\/schema\/logo\/image\/\",\"url\":\"https:\/\/www.ossaw.at\/wp-content\/uploads\/2016\/07\/OSSAW-logo-cirilica-page-001-2.jpg\",\"contentUrl\":\"https:\/\/www.ossaw.at\/wp-content\/uploads\/2016\/07\/OSSAW-logo-cirilica-page-001-2.jpg\",\"width\":1448,\"height\":1024,\"caption\":\"\u041e\u0441\u0441\u0438 - \u0411\u0435\u0447\"},\"image\":{\"@id\":\"https:\/\/www.ossaw.at\/#\/schema\/logo\/image\/\"},\"sameAs\":[\"https:\/\/www.facebook.com\/ossaw\",\"https:\/\/www.instagram.com\/ossa_wien\/\",\"https:\/\/www.linkedin.com\/company\/organisation-of-serbian-students-abroad---vienna\"]},{\"@type\":\"Person\",\"@id\":\"https:\/\/www.ossaw.at\/#\/schema\/person\/5357760e30652fb4eb06c2e2b971017f\",\"name\":\"OSSAW Media\",\"image\":{\"@type\":\"ImageObject\",\"inLanguage\":\"de\",\"@id\":\"https:\/\/www.ossaw.at\/#\/schema\/person\/image\/\",\"url\":\"https:\/\/secure.gravatar.com\/avatar\/3be439b9bb8444259b85eb9d68d46ba4?s=96&d=mm&r=pg\",\"contentUrl\":\"https:\/\/secure.gravatar.com\/avatar\/3be439b9bb8444259b85eb9d68d46ba4?s=96&d=mm&r=pg\",\"caption\":\"OSSAW Media\"},\"url\":\"https:\/\/www.ossaw.at\/de\/author\/official-ossaw\/\"}]}<\/script>\n<!-- \/ Yoast SEO plugin. -->","yoast_head_json":{"title":"OSSIlacija 2015 - \u041eSSAW","robots":{"index":"index","follow":"follow","max-snippet":"max-snippet:-1","max-image-preview":"max-image-preview:large","max-video-preview":"max-video-preview:-1"},"canonical":"https:\/\/www.ossaw.at\/ossilacija-2015\/","og_locale":"de_DE","og_type":"article","og_title":"OSSIlacija 2015 - \u041eSSAW","og_description":"OSSIlacija 2015 &nbsp; Dragi OSSIjevci, Posle mnogo rada, s velikim zadovoljstvom vam predstavljamo OSSIlaciju 2015! U najlep\u0161em zdanju koje na\u0161a dr\u017eava ima, u Domu Narodne skup\u0161tine Republike Srbije, 15. avgusta \u0107emo odr\u017eati OSSIlaciju. Ovogodi\u0161nji govornici \u0107e biti osniva\u010di Organizacije srpskih studenata u inostranstvu, Vuk Jeremi\u0107 i prof. dr Ana Trbovi\u0107. Budu\u0107i da ove godine proslavljamo [&hellip;]","og_url":"https:\/\/www.ossaw.at\/ossilacija-2015\/","og_site_name":"\u041eSSAW","article_publisher":"https:\/\/www.facebook.com\/ossaw","article_published_time":"2015-07-14T15:33:22+00:00","article_modified_time":"2015-09-16T20:46:08+00:00","og_image":[{"width":600,"height":410,"url":"https:\/\/www.ossaw.at\/wp-content\/uploads\/2015\/07\/d807c-ossilacija20151.jpg","type":"image\/jpeg"}],"author":"OSSAW Media","twitter_card":"summary_large_image","twitter_misc":{"Verfasst von":"OSSAW Media","Gesch\u00e4tzte Lesezeit":"1\u00a0Minute"},"schema":{"@context":"https:\/\/schema.org","@graph":[{"@type":"Article","@id":"https:\/\/www.ossaw.at\/ossilacija-2015\/#article","isPartOf":{"@id":"https:\/\/www.ossaw.at\/ossilacija-2015\/"},"author":{"name":"OSSAW Media","@id":"https:\/\/www.ossaw.at\/#\/schema\/person\/5357760e30652fb4eb06c2e2b971017f"},"headline":"OSSIlacija 2015","datePublished":"2015-07-14T15:33:22+00:00","dateModified":"2015-09-16T20:46:08+00:00","mainEntityOfPage":{"@id":"https:\/\/www.ossaw.at\/ossilacija-2015\/"},"wordCount":227,"publisher":{"@id":"https:\/\/www.ossaw.at\/#organization"},"image":{"@id":"https:\/\/www.ossaw.at\/ossilacija-2015\/#primaryimage"},"thumbnailUrl":"https:\/\/www.ossaw.at\/wp-content\/uploads\/2015\/07\/d807c-ossilacija20151.jpg","articleSection":["\u0412\u0435\u0441\u0442\u0438"],"inLanguage":"de"},{"@type":"WebPage","@id":"https:\/\/www.ossaw.at\/ossilacija-2015\/","url":"https:\/\/www.ossaw.at\/ossilacija-2015\/","name":"OSSIlacija 2015 - \u041eSSAW","isPartOf":{"@id":"https:\/\/www.ossaw.at\/#website"},"primaryImageOfPage":{"@id":"https:\/\/www.ossaw.at\/ossilacija-2015\/#primaryimage"},"image":{"@id":"https:\/\/www.ossaw.at\/ossilacija-2015\/#primaryimage"},"thumbnailUrl":"https:\/\/www.ossaw.at\/wp-content\/uploads\/2015\/07\/d807c-ossilacija20151.jpg","datePublished":"2015-07-14T15:33:22+00:00","dateModified":"2015-09-16T20:46:08+00:00","breadcrumb":{"@id":"https:\/\/www.ossaw.at\/ossilacija-2015\/#breadcrumb"},"inLanguage":"de","potentialAction":[{"@type":"ReadAction","target":["https:\/\/www.ossaw.at\/ossilacija-2015\/"]}]},{"@type":"ImageObject","inLanguage":"de","@id":"https:\/\/www.ossaw.at\/ossilacija-2015\/#primaryimage","url":"https:\/\/www.ossaw.at\/wp-content\/uploads\/2015\/07\/d807c-ossilacija20151.jpg","contentUrl":"https:\/\/www.ossaw.at\/wp-content\/uploads\/2015\/07\/d807c-ossilacija20151.jpg","width":600,"height":410},{"@type":"BreadcrumbList","@id":"https:\/\/www.ossaw.at\/ossilacija-2015\/#breadcrumb","itemListElement":[{"@type":"ListItem","position":1,"name":"\u041f\u043e\u0447\u0435\u0442\u043d\u0430","item":"https:\/\/www.ossaw.at\/"},{"@type":"ListItem","position":2,"name":"OSSIlacija 2015"}]},{"@type":"WebSite","@id":"https:\/\/www.ossaw.at\/#website","url":"https:\/\/www.ossaw.at\/","name":"\u041eSSAW","description":"Organisation Serbischer Studenten im Ausland - Wien","publisher":{"@id":"https:\/\/www.ossaw.at\/#organization"},"potentialAction":[{"@type":"SearchAction","target":{"@type":"EntryPoint","urlTemplate":"https:\/\/www.ossaw.at\/?s={search_term_string}"},"query-input":{"@type":"PropertyValueSpecification","valueRequired":true,"valueName":"search_term_string"}}],"inLanguage":"de"},{"@type":"Organization","@id":"https:\/\/www.ossaw.at\/#organization","name":"\u041e\u0441\u0441\u0438 - \u0411\u0435\u0447","url":"https:\/\/www.ossaw.at\/","logo":{"@type":"ImageObject","inLanguage":"de","@id":"https:\/\/www.ossaw.at\/#\/schema\/logo\/image\/","url":"https:\/\/www.ossaw.at\/wp-content\/uploads\/2016\/07\/OSSAW-logo-cirilica-page-001-2.jpg","contentUrl":"https:\/\/www.ossaw.at\/wp-content\/uploads\/2016\/07\/OSSAW-logo-cirilica-page-001-2.jpg","width":1448,"height":1024,"caption":"\u041e\u0441\u0441\u0438 - \u0411\u0435\u0447"},"image":{"@id":"https:\/\/www.ossaw.at\/#\/schema\/logo\/image\/"},"sameAs":["https:\/\/www.facebook.com\/ossaw","https:\/\/www.instagram.com\/ossa_wien\/","https:\/\/www.linkedin.com\/company\/organisation-of-serbian-students-abroad---vienna"]},{"@type":"Person","@id":"https:\/\/www.ossaw.at\/#\/schema\/person\/5357760e30652fb4eb06c2e2b971017f","name":"OSSAW Media","image":{"@type":"ImageObject","inLanguage":"de","@id":"https:\/\/www.ossaw.at\/#\/schema\/person\/image\/","url":"https:\/\/secure.gravatar.com\/avatar\/3be439b9bb8444259b85eb9d68d46ba4?s=96&d=mm&r=pg","contentUrl":"https:\/\/secure.gravatar.com\/avatar\/3be439b9bb8444259b85eb9d68d46ba4?s=96&d=mm&r=pg","caption":"OSSAW Media"},"url":"https:\/\/www.ossaw.at\/de\/author\/official-ossaw\/"}]}},"_links":{"self":[{"href":"https:\/\/www.ossaw.at\/de\/wp-json\/wp\/v2\/posts\/6226"}],"collection":[{"href":"https:\/\/www.ossaw.at\/de\/wp-json\/wp\/v2\/posts"}],"about":[{"href":"https:\/\/www.ossaw.at\/de\/wp-json\/wp\/v2\/types\/post"}],"author":[{"embeddable":true,"href":"https:\/\/www.ossaw.at\/de\/wp-json\/wp\/v2\/users\/25"}],"replies":[{"embeddable":true,"href":"https:\/\/www.ossaw.at\/de\/wp-json\/wp\/v2\/comments?post=6226"}],"version-history":[{"count":0,"href":"https:\/\/www.ossaw.at\/de\/wp-json\/wp\/v2\/posts\/6226\/revisions"}],"wp:featuredmedia":[{"embeddable":true,"href":"https:\/\/www.ossaw.at\/de\/wp-json\/wp\/v2\/media\/6241"}],"wp:attachment":[{"href":"https:\/\/www.ossaw.at\/de\/wp-json\/wp\/v2\/media?parent=6226"}],"wp:term":[{"taxonomy":"category","embeddable":true,"href":"https:\/\/www.ossaw.at\/de\/wp-json\/wp\/v2\/categories?post=6226"},{"taxonomy":"post_tag","embeddable":true,"href":"https:\/\/www.ossaw.at\/de\/wp-json\/wp\/v2\/tags?post=6226"}],"curies":[{"name":"wp","href":"https:\/\/api.w.org\/{rel}","templated":true}]}}