{"id":6258,"date":"2015-09-11T21:46:05","date_gmt":"2015-09-11T19:46:05","guid":{"rendered":"http:\/\/ossaw.at\/?p=6258"},"modified":"2015-09-16T22:46:07","modified_gmt":"2015-09-16T20:46:07","slug":"egzibicionista%cb%ae-konacno-i-u-becu","status":"publish","type":"post","link":"https:\/\/www.ossaw.at\/de\/egzibicionista%cb%ae-konacno-i-u-becu\/","title":{"rendered":"\u201eEgzibicionista\u02ee kona\u010dno i u Be\u010du!"},"content":{"rendered":"<p align=\"center\"><b>\u201e<i>Egzibicionista<\/i>\u02ee kona\u010dno i u Be\u010du!<\/b><\/p>\n<p align=\"center\"><b>\u00a0<\/b><\/p>\n<p>Dragi studenti,<\/p>\n<p>Sa velikim zadovoljstvom vas obave\u0161tavamo da \u0107e savremena drama \u201eEgzibicionista\u02ee kona\u010dno biti izvedena i pred be\u010dkom publikom, 3. oktobra u Akzent teatru!<\/p>\n<p>Egzibicionista je savremena i duhovita predstava, koja se bavi problemima urbanog \u010doveka na razme\u0111u vekova u uslovima visoko modernizovane civilizacije.<\/p>\n<p>U fokusu pri\u010de je patolo\u0161ka pojava seksualne izopa\u010denosti sa kojom se savremeno dru\u0161tvo obra\u010dunava na dva na\u010dina: sankcioni\u0161e je zatvorom ili poku\u0161ava da je le\u010di psihijatrijom.<\/p>\n<p>Ovo je provokativna pri\u010da izme\u0111u egzibicioniste i zatvorske socijalne radnice koja ima komi\u010darski karakter tokom cele predstave, postignut sveobuhvatnom komi\u010darskom intonacijom u gluma\u010dkoj igri.<\/p>\n<p>Sa jedne strane nalazi se \u010dvrsto postavljena komi\u010darska uloga Branislava Brstine, a sa druge strane efektna i komi\u010darska re\u0161enja Vojislava Brajovi\u0107a. Ne\u0161to manje komi\u010dne uloge imaju Isidora Mini\u0107 i Dara D\u017eoki\u0107.<\/p>\n<p>Ova drama imala je vi\u0161e od 150 izvo\u0111enja na sceni Ateljea 212 i svrstava se u predstave za koje se tra\u017ei karta vi\u0161e, stoga, ukoliko je jo\u0161 uvek niste pogledali, ne propustite jedinstvenu priliku da u njoj u\u017eivate 3. oktobra u Be\u010du!<\/p>\n<p>I ovog puta, OSSI Be\u010d je za svoje studente uspeo da ostvari specijalan popust na karte za predstoje\u0107u predstavu po ceni od samo 10\u20ac. Budu\u0107i da je broj karata s popustom ograni\u010den, jedan student mo\u017ee kupiti samo jednu kartu.<\/p>\n<p>Svoju kartu mo\u017eete rezervisati na: <a href=\"mailto:info@ossaw.at\">info@ossaw.at<\/a>, a informacije o uplati dobi\u0107ete nakon potvrde rezervacije. Molimo vas da u prilogu mejla po\u0161aljete i sliku va\u0161e studentske legitimacije.<\/p>\n<p>Regularna cena karata je 24\u20ac i 22\u20ac (za studente).<\/p>\n<p><b>Datum i vreme: <\/b>Subota, 3. oktobar 2015.\u250219:30 \u010d<\/p>\n<p><b>Mesto:<\/b> Teatar Akzent, Theresianumgasse 18, 1040 Wien<\/p>\n<p><b>Re\u017eija:<\/b> Milan Karad\u017ei\u0107<\/p>\n<p align=\"right\">Vidimo se!<\/p>\n<p align=\"right\">Va\u0161 OSSI Be\u010d<\/p>\n","protected":false},"excerpt":{"rendered":"<p>\u201eEgzibicionista\u02ee kona\u010dno i u Be\u010du! \u00a0 Dragi studenti, Sa velikim zadovoljstvom vas obave\u0161tavamo da \u0107e savremena drama \u201eEgzibicionista\u02ee kona\u010dno biti izvedena i pred be\u010dkom publikom, 3. oktobra u Akzent teatru! Egzibicionista je savremena i duhovita predstava, koja se bavi problemima urbanog \u010doveka na razme\u0111u vekova u uslovima visoko modernizovane civilizacije. U fokusu pri\u010de je patolo\u0161ka [&hellip;]<\/p>\n","protected":false},"author":25,"featured_media":6259,"comment_status":"closed","ping_status":"open","sticky":false,"template":"","format":"standard","meta":{"footnotes":""},"categories":[205],"tags":[],"yoast_head":"<!-- This site is optimized with the Yoast SEO plugin v23.5 - https:\/\/yoast.com\/wordpress\/plugins\/seo\/ -->\n<title>\u201eEgzibicionista\u02ee kona\u010dno i u Be\u010du! - \u041eSSAW<\/title>\n<meta name=\"robots\" content=\"index, follow, max-snippet:-1, max-image-preview:large, max-video-preview:-1\" \/>\n<link rel=\"canonical\" href=\"https:\/\/www.ossaw.at\/de\/egzibicionista\u02ee-konacno-i-u-becu\/\" \/>\n<meta property=\"og:locale\" content=\"de_DE\" \/>\n<meta property=\"og:type\" content=\"article\" \/>\n<meta property=\"og:title\" content=\"\u201eEgzibicionista\u02ee kona\u010dno i u Be\u010du! - \u041eSSAW\" \/>\n<meta property=\"og:description\" content=\"\u201eEgzibicionista\u02ee kona\u010dno i u Be\u010du! \u00a0 Dragi studenti, Sa velikim zadovoljstvom vas obave\u0161tavamo da \u0107e savremena drama \u201eEgzibicionista\u02ee kona\u010dno biti izvedena i pred be\u010dkom publikom, 3. oktobra u Akzent teatru! Egzibicionista je savremena i duhovita predstava, koja se bavi problemima urbanog \u010doveka na razme\u0111u vekova u uslovima visoko modernizovane civilizacije. U fokusu pri\u010de je patolo\u0161ka [&hellip;]\" \/>\n<meta property=\"og:url\" content=\"https:\/\/www.ossaw.at\/de\/egzibicionista\u02ee-konacno-i-u-becu\/\" \/>\n<meta property=\"og:site_name\" content=\"\u041eSSAW\" \/>\n<meta property=\"article:publisher\" content=\"https:\/\/www.facebook.com\/ossaw\" \/>\n<meta property=\"article:published_time\" content=\"2015-09-11T19:46:05+00:00\" \/>\n<meta property=\"article:modified_time\" content=\"2015-09-16T20:46:07+00:00\" \/>\n<meta property=\"og:image\" content=\"https:\/\/www.ossaw.at\/wp-content\/uploads\/2015\/09\/egzibicionista.jpg\" \/>\n\t<meta property=\"og:image:width\" content=\"600\" \/>\n\t<meta property=\"og:image:height\" content=\"400\" \/>\n\t<meta property=\"og:image:type\" content=\"image\/jpeg\" \/>\n<meta name=\"author\" content=\"OSSAW Media\" \/>\n<meta name=\"twitter:card\" content=\"summary_large_image\" \/>\n<meta name=\"twitter:label1\" content=\"Verfasst von\" \/>\n\t<meta name=\"twitter:data1\" content=\"OSSAW Media\" \/>\n\t<meta name=\"twitter:label2\" content=\"Gesch\u00e4tzte Lesezeit\" \/>\n\t<meta name=\"twitter:data2\" content=\"2\u00a0Minuten\" \/>\n<script type=\"application\/ld+json\" class=\"yoast-schema-graph\">{\"@context\":\"https:\/\/schema.org\",\"@graph\":[{\"@type\":\"Article\",\"@id\":\"https:\/\/www.ossaw.at\/de\/egzibicionista%cb%ae-konacno-i-u-becu\/#article\",\"isPartOf\":{\"@id\":\"https:\/\/www.ossaw.at\/de\/egzibicionista%cb%ae-konacno-i-u-becu\/\"},\"author\":{\"name\":\"OSSAW Media\",\"@id\":\"https:\/\/www.ossaw.at\/#\/schema\/person\/5357760e30652fb4eb06c2e2b971017f\"},\"headline\":\"\u201eEgzibicionista\u02ee kona\u010dno i u Be\u010du!\",\"datePublished\":\"2015-09-11T19:46:05+00:00\",\"dateModified\":\"2015-09-16T20:46:07+00:00\",\"mainEntityOfPage\":{\"@id\":\"https:\/\/www.ossaw.at\/de\/egzibicionista%cb%ae-konacno-i-u-becu\/\"},\"wordCount\":309,\"publisher\":{\"@id\":\"https:\/\/www.ossaw.at\/#organization\"},\"image\":{\"@id\":\"https:\/\/www.ossaw.at\/de\/egzibicionista%cb%ae-konacno-i-u-becu\/#primaryimage\"},\"thumbnailUrl\":\"https:\/\/www.ossaw.at\/wp-content\/uploads\/2015\/09\/egzibicionista.jpg\",\"articleSection\":[\"\u0412\u0435\u0441\u0442\u0438\"],\"inLanguage\":\"de\"},{\"@type\":\"WebPage\",\"@id\":\"https:\/\/www.ossaw.at\/de\/egzibicionista%cb%ae-konacno-i-u-becu\/\",\"url\":\"https:\/\/www.ossaw.at\/de\/egzibicionista%cb%ae-konacno-i-u-becu\/\",\"name\":\"\u201eEgzibicionista\u02ee kona\u010dno i u Be\u010du! - \u041eSSAW\",\"isPartOf\":{\"@id\":\"https:\/\/www.ossaw.at\/#website\"},\"primaryImageOfPage\":{\"@id\":\"https:\/\/www.ossaw.at\/de\/egzibicionista%cb%ae-konacno-i-u-becu\/#primaryimage\"},\"image\":{\"@id\":\"https:\/\/www.ossaw.at\/de\/egzibicionista%cb%ae-konacno-i-u-becu\/#primaryimage\"},\"thumbnailUrl\":\"https:\/\/www.ossaw.at\/wp-content\/uploads\/2015\/09\/egzibicionista.jpg\",\"datePublished\":\"2015-09-11T19:46:05+00:00\",\"dateModified\":\"2015-09-16T20:46:07+00:00\",\"breadcrumb\":{\"@id\":\"https:\/\/www.ossaw.at\/de\/egzibicionista%cb%ae-konacno-i-u-becu\/#breadcrumb\"},\"inLanguage\":\"de\",\"potentialAction\":[{\"@type\":\"ReadAction\",\"target\":[\"https:\/\/www.ossaw.at\/de\/egzibicionista%cb%ae-konacno-i-u-becu\/\"]}]},{\"@type\":\"ImageObject\",\"inLanguage\":\"de\",\"@id\":\"https:\/\/www.ossaw.at\/de\/egzibicionista%cb%ae-konacno-i-u-becu\/#primaryimage\",\"url\":\"https:\/\/www.ossaw.at\/wp-content\/uploads\/2015\/09\/egzibicionista.jpg\",\"contentUrl\":\"https:\/\/www.ossaw.at\/wp-content\/uploads\/2015\/09\/egzibicionista.jpg\",\"width\":600,\"height\":400},{\"@type\":\"BreadcrumbList\",\"@id\":\"https:\/\/www.ossaw.at\/de\/egzibicionista%cb%ae-konacno-i-u-becu\/#breadcrumb\",\"itemListElement\":[{\"@type\":\"ListItem\",\"position\":1,\"name\":\"\u041f\u043e\u0447\u0435\u0442\u043d\u0430\",\"item\":\"https:\/\/www.ossaw.at\/\"},{\"@type\":\"ListItem\",\"position\":2,\"name\":\"\u201eEgzibicionista\u02ee kona\u010dno i u Be\u010du!\"}]},{\"@type\":\"WebSite\",\"@id\":\"https:\/\/www.ossaw.at\/#website\",\"url\":\"https:\/\/www.ossaw.at\/\",\"name\":\"\u041eSSAW\",\"description\":\"Organisation Serbischer Studenten im Ausland - Wien\",\"publisher\":{\"@id\":\"https:\/\/www.ossaw.at\/#organization\"},\"potentialAction\":[{\"@type\":\"SearchAction\",\"target\":{\"@type\":\"EntryPoint\",\"urlTemplate\":\"https:\/\/www.ossaw.at\/?s={search_term_string}\"},\"query-input\":{\"@type\":\"PropertyValueSpecification\",\"valueRequired\":true,\"valueName\":\"search_term_string\"}}],\"inLanguage\":\"de\"},{\"@type\":\"Organization\",\"@id\":\"https:\/\/www.ossaw.at\/#organization\",\"name\":\"\u041e\u0441\u0441\u0438 - \u0411\u0435\u0447\",\"url\":\"https:\/\/www.ossaw.at\/\",\"logo\":{\"@type\":\"ImageObject\",\"inLanguage\":\"de\",\"@id\":\"https:\/\/www.ossaw.at\/#\/schema\/logo\/image\/\",\"url\":\"https:\/\/www.ossaw.at\/wp-content\/uploads\/2016\/07\/OSSAW-logo-cirilica-page-001-2.jpg\",\"contentUrl\":\"https:\/\/www.ossaw.at\/wp-content\/uploads\/2016\/07\/OSSAW-logo-cirilica-page-001-2.jpg\",\"width\":1448,\"height\":1024,\"caption\":\"\u041e\u0441\u0441\u0438 - \u0411\u0435\u0447\"},\"image\":{\"@id\":\"https:\/\/www.ossaw.at\/#\/schema\/logo\/image\/\"},\"sameAs\":[\"https:\/\/www.facebook.com\/ossaw\",\"https:\/\/www.instagram.com\/ossa_wien\/\",\"https:\/\/www.linkedin.com\/company\/organisation-of-serbian-students-abroad---vienna\"]},{\"@type\":\"Person\",\"@id\":\"https:\/\/www.ossaw.at\/#\/schema\/person\/5357760e30652fb4eb06c2e2b971017f\",\"name\":\"OSSAW Media\",\"image\":{\"@type\":\"ImageObject\",\"inLanguage\":\"de\",\"@id\":\"https:\/\/www.ossaw.at\/#\/schema\/person\/image\/\",\"url\":\"https:\/\/secure.gravatar.com\/avatar\/3be439b9bb8444259b85eb9d68d46ba4?s=96&d=mm&r=pg\",\"contentUrl\":\"https:\/\/secure.gravatar.com\/avatar\/3be439b9bb8444259b85eb9d68d46ba4?s=96&d=mm&r=pg\",\"caption\":\"OSSAW Media\"},\"url\":\"https:\/\/www.ossaw.at\/de\/author\/official-ossaw\/\"}]}<\/script>\n<!-- \/ Yoast SEO plugin. -->","yoast_head_json":{"title":"\u201eEgzibicionista\u02ee kona\u010dno i u Be\u010du! - \u041eSSAW","robots":{"index":"index","follow":"follow","max-snippet":"max-snippet:-1","max-image-preview":"max-image-preview:large","max-video-preview":"max-video-preview:-1"},"canonical":"https:\/\/www.ossaw.at\/de\/egzibicionista\u02ee-konacno-i-u-becu\/","og_locale":"de_DE","og_type":"article","og_title":"\u201eEgzibicionista\u02ee kona\u010dno i u Be\u010du! - \u041eSSAW","og_description":"\u201eEgzibicionista\u02ee kona\u010dno i u Be\u010du! \u00a0 Dragi studenti, Sa velikim zadovoljstvom vas obave\u0161tavamo da \u0107e savremena drama \u201eEgzibicionista\u02ee kona\u010dno biti izvedena i pred be\u010dkom publikom, 3. oktobra u Akzent teatru! Egzibicionista je savremena i duhovita predstava, koja se bavi problemima urbanog \u010doveka na razme\u0111u vekova u uslovima visoko modernizovane civilizacije. U fokusu pri\u010de je patolo\u0161ka [&hellip;]","og_url":"https:\/\/www.ossaw.at\/de\/egzibicionista\u02ee-konacno-i-u-becu\/","og_site_name":"\u041eSSAW","article_publisher":"https:\/\/www.facebook.com\/ossaw","article_published_time":"2015-09-11T19:46:05+00:00","article_modified_time":"2015-09-16T20:46:07+00:00","og_image":[{"width":600,"height":400,"url":"https:\/\/www.ossaw.at\/wp-content\/uploads\/2015\/09\/egzibicionista.jpg","type":"image\/jpeg"}],"author":"OSSAW Media","twitter_card":"summary_large_image","twitter_misc":{"Verfasst von":"OSSAW Media","Gesch\u00e4tzte Lesezeit":"2\u00a0Minuten"},"schema":{"@context":"https:\/\/schema.org","@graph":[{"@type":"Article","@id":"https:\/\/www.ossaw.at\/de\/egzibicionista%cb%ae-konacno-i-u-becu\/#article","isPartOf":{"@id":"https:\/\/www.ossaw.at\/de\/egzibicionista%cb%ae-konacno-i-u-becu\/"},"author":{"name":"OSSAW Media","@id":"https:\/\/www.ossaw.at\/#\/schema\/person\/5357760e30652fb4eb06c2e2b971017f"},"headline":"\u201eEgzibicionista\u02ee kona\u010dno i u Be\u010du!","datePublished":"2015-09-11T19:46:05+00:00","dateModified":"2015-09-16T20:46:07+00:00","mainEntityOfPage":{"@id":"https:\/\/www.ossaw.at\/de\/egzibicionista%cb%ae-konacno-i-u-becu\/"},"wordCount":309,"publisher":{"@id":"https:\/\/www.ossaw.at\/#organization"},"image":{"@id":"https:\/\/www.ossaw.at\/de\/egzibicionista%cb%ae-konacno-i-u-becu\/#primaryimage"},"thumbnailUrl":"https:\/\/www.ossaw.at\/wp-content\/uploads\/2015\/09\/egzibicionista.jpg","articleSection":["\u0412\u0435\u0441\u0442\u0438"],"inLanguage":"de"},{"@type":"WebPage","@id":"https:\/\/www.ossaw.at\/de\/egzibicionista%cb%ae-konacno-i-u-becu\/","url":"https:\/\/www.ossaw.at\/de\/egzibicionista%cb%ae-konacno-i-u-becu\/","name":"\u201eEgzibicionista\u02ee kona\u010dno i u Be\u010du! - \u041eSSAW","isPartOf":{"@id":"https:\/\/www.ossaw.at\/#website"},"primaryImageOfPage":{"@id":"https:\/\/www.ossaw.at\/de\/egzibicionista%cb%ae-konacno-i-u-becu\/#primaryimage"},"image":{"@id":"https:\/\/www.ossaw.at\/de\/egzibicionista%cb%ae-konacno-i-u-becu\/#primaryimage"},"thumbnailUrl":"https:\/\/www.ossaw.at\/wp-content\/uploads\/2015\/09\/egzibicionista.jpg","datePublished":"2015-09-11T19:46:05+00:00","dateModified":"2015-09-16T20:46:07+00:00","breadcrumb":{"@id":"https:\/\/www.ossaw.at\/de\/egzibicionista%cb%ae-konacno-i-u-becu\/#breadcrumb"},"inLanguage":"de","potentialAction":[{"@type":"ReadAction","target":["https:\/\/www.ossaw.at\/de\/egzibicionista%cb%ae-konacno-i-u-becu\/"]}]},{"@type":"ImageObject","inLanguage":"de","@id":"https:\/\/www.ossaw.at\/de\/egzibicionista%cb%ae-konacno-i-u-becu\/#primaryimage","url":"https:\/\/www.ossaw.at\/wp-content\/uploads\/2015\/09\/egzibicionista.jpg","contentUrl":"https:\/\/www.ossaw.at\/wp-content\/uploads\/2015\/09\/egzibicionista.jpg","width":600,"height":400},{"@type":"BreadcrumbList","@id":"https:\/\/www.ossaw.at\/de\/egzibicionista%cb%ae-konacno-i-u-becu\/#breadcrumb","itemListElement":[{"@type":"ListItem","position":1,"name":"\u041f\u043e\u0447\u0435\u0442\u043d\u0430","item":"https:\/\/www.ossaw.at\/"},{"@type":"ListItem","position":2,"name":"\u201eEgzibicionista\u02ee kona\u010dno i u Be\u010du!"}]},{"@type":"WebSite","@id":"https:\/\/www.ossaw.at\/#website","url":"https:\/\/www.ossaw.at\/","name":"\u041eSSAW","description":"Organisation Serbischer Studenten im Ausland - Wien","publisher":{"@id":"https:\/\/www.ossaw.at\/#organization"},"potentialAction":[{"@type":"SearchAction","target":{"@type":"EntryPoint","urlTemplate":"https:\/\/www.ossaw.at\/?s={search_term_string}"},"query-input":{"@type":"PropertyValueSpecification","valueRequired":true,"valueName":"search_term_string"}}],"inLanguage":"de"},{"@type":"Organization","@id":"https:\/\/www.ossaw.at\/#organization","name":"\u041e\u0441\u0441\u0438 - \u0411\u0435\u0447","url":"https:\/\/www.ossaw.at\/","logo":{"@type":"ImageObject","inLanguage":"de","@id":"https:\/\/www.ossaw.at\/#\/schema\/logo\/image\/","url":"https:\/\/www.ossaw.at\/wp-content\/uploads\/2016\/07\/OSSAW-logo-cirilica-page-001-2.jpg","contentUrl":"https:\/\/www.ossaw.at\/wp-content\/uploads\/2016\/07\/OSSAW-logo-cirilica-page-001-2.jpg","width":1448,"height":1024,"caption":"\u041e\u0441\u0441\u0438 - \u0411\u0435\u0447"},"image":{"@id":"https:\/\/www.ossaw.at\/#\/schema\/logo\/image\/"},"sameAs":["https:\/\/www.facebook.com\/ossaw","https:\/\/www.instagram.com\/ossa_wien\/","https:\/\/www.linkedin.com\/company\/organisation-of-serbian-students-abroad---vienna"]},{"@type":"Person","@id":"https:\/\/www.ossaw.at\/#\/schema\/person\/5357760e30652fb4eb06c2e2b971017f","name":"OSSAW Media","image":{"@type":"ImageObject","inLanguage":"de","@id":"https:\/\/www.ossaw.at\/#\/schema\/person\/image\/","url":"https:\/\/secure.gravatar.com\/avatar\/3be439b9bb8444259b85eb9d68d46ba4?s=96&d=mm&r=pg","contentUrl":"https:\/\/secure.gravatar.com\/avatar\/3be439b9bb8444259b85eb9d68d46ba4?s=96&d=mm&r=pg","caption":"OSSAW Media"},"url":"https:\/\/www.ossaw.at\/de\/author\/official-ossaw\/"}]}},"_links":{"self":[{"href":"https:\/\/www.ossaw.at\/de\/wp-json\/wp\/v2\/posts\/6258"}],"collection":[{"href":"https:\/\/www.ossaw.at\/de\/wp-json\/wp\/v2\/posts"}],"about":[{"href":"https:\/\/www.ossaw.at\/de\/wp-json\/wp\/v2\/types\/post"}],"author":[{"embeddable":true,"href":"https:\/\/www.ossaw.at\/de\/wp-json\/wp\/v2\/users\/25"}],"replies":[{"embeddable":true,"href":"https:\/\/www.ossaw.at\/de\/wp-json\/wp\/v2\/comments?post=6258"}],"version-history":[{"count":0,"href":"https:\/\/www.ossaw.at\/de\/wp-json\/wp\/v2\/posts\/6258\/revisions"}],"wp:featuredmedia":[{"embeddable":true,"href":"https:\/\/www.ossaw.at\/de\/wp-json\/wp\/v2\/media\/6259"}],"wp:attachment":[{"href":"https:\/\/www.ossaw.at\/de\/wp-json\/wp\/v2\/media?parent=6258"}],"wp:term":[{"taxonomy":"category","embeddable":true,"href":"https:\/\/www.ossaw.at\/de\/wp-json\/wp\/v2\/categories?post=6258"},{"taxonomy":"post_tag","embeddable":true,"href":"https:\/\/www.ossaw.at\/de\/wp-json\/wp\/v2\/tags?post=6258"}],"curies":[{"name":"wp","href":"https:\/\/api.w.org\/{rel}","templated":true}]}}