{"id":6264,"date":"2015-09-15T06:55:21","date_gmt":"2015-09-15T04:55:21","guid":{"rendered":"http:\/\/ossaw.at\/?p=6264"},"modified":"2015-09-16T22:46:07","modified_gmt":"2015-09-16T20:46:07","slug":"monodrama-ima-jedna-zemlja%cb%ae","status":"publish","type":"post","link":"https:\/\/www.ossaw.at\/de\/monodrama-ima-jedna-zemlja%cb%ae\/","title":{"rendered":"Monodrama: \u201eIma jedna zemlja\u02ee"},"content":{"rendered":"<p align=\"center\"><b>Monodrama: \u201e<i>Ima jedna zemlja<\/i>\u02ee<\/b><\/p>\n<p align=\"center\"><b>\u00a0<\/b><\/p>\n<p>Dragi studenti,<\/p>\n<p>Sa zadovoljstvom vas obave\u0161tavamo da, nakon letnje pauze, Srpski kulturni forum (<i>SKF<\/i>) ponovo priprema veliki broj zanimljivih i edukativnih doga\u0111aja!<\/p>\n<p>U \u010detvrtak, 24. septembra, s po\u010detkom u 19:30 \u010dasova odr\u017ea\u0107e se predstava pod nazivom \u201eIma jedna zemlja\u02ee. Ova monodrama, u re\u017eiji i izvo\u0111enju Jovice Ja\u0161ina, nastala je po motivima knjige Bojana Ljubenovi\u0107a \u201ePisma iz Srbije\u02ee. Ja\u0161in je Ljubenovi\u0107eve satiri\u010dne tekstove, koji podvrgavaju kritici dru\u0161tvenu i politi\u010dku stvarnost Srbije, preto\u010dio u duhovito dramsko kazivanje o sudbini obi\u010dnih ljudi u nesre\u0111enoj zemlji, prep\u0161tenoj stihiji tranzicije.<\/p>\n<p>Usred velikog uspeha koji je ova knjiga ostvarila na pro\u0161logodi\u0161njoj manifestaciji Srpskog kulturnog foruma \u201eVe\u010de sa aforisti\u010darima\u02ee, autor Bojan Ljubenovi\u0107 \u0107e za sve one koji su propustili pro\u0161logodi\u0161nju promociju, jo\u0161 jednom predstaviti svoje delo.<\/p>\n<p>Ulaz je slobodan, ali je broj mesta ograni\u010den stoga je neophodno da, ukoliko ste zainteresovani, va\u0161a mesta rezervi\u0161ete na <a href=\"mailto:office@skforum.at\">office@skforum.at<\/a>.<\/p>\n<p>Datum i vreme: 24. septembar 2015. \u2502 19:30 \u010d<\/p>\n<p>Mesto: Festsaal Amtshaus Rudolfsheim-F\u00fcnfhaus, Rosinagasse 4, 1150 Wien<\/p>\n<p>Vidimo se!<\/p>\n<p>Va\u0161 OSSI Be\u010d<\/p>\n","protected":false},"excerpt":{"rendered":"<p>Monodrama: \u201eIma jedna zemlja\u02ee \u00a0 Dragi studenti, Sa zadovoljstvom vas obave\u0161tavamo da, nakon letnje pauze, Srpski kulturni forum (SKF) ponovo priprema veliki broj zanimljivih i edukativnih doga\u0111aja! U \u010detvrtak, 24. septembra, s po\u010detkom u 19:30 \u010dasova odr\u017ea\u0107e se predstava pod nazivom \u201eIma jedna zemlja\u02ee. Ova monodrama, u re\u017eiji i izvo\u0111enju Jovice Ja\u0161ina, nastala je po [&hellip;]<\/p>\n","protected":false},"author":25,"featured_media":6265,"comment_status":"closed","ping_status":"open","sticky":false,"template":"","format":"standard","meta":{"footnotes":""},"categories":[205],"tags":[],"yoast_head":"<!-- This site is optimized with the Yoast SEO plugin v23.5 - https:\/\/yoast.com\/wordpress\/plugins\/seo\/ -->\n<title>Monodrama: \u201eIma jedna zemlja\u02ee - \u041eSSAW<\/title>\n<meta name=\"robots\" content=\"index, follow, max-snippet:-1, max-image-preview:large, max-video-preview:-1\" \/>\n<link rel=\"canonical\" href=\"https:\/\/www.ossaw.at\/de\/monodrama-ima-jedna-zemlja\u02ee\/\" \/>\n<meta property=\"og:locale\" content=\"de_DE\" \/>\n<meta property=\"og:type\" content=\"article\" \/>\n<meta property=\"og:title\" content=\"Monodrama: \u201eIma jedna zemlja\u02ee - \u041eSSAW\" \/>\n<meta property=\"og:description\" content=\"Monodrama: \u201eIma jedna zemlja\u02ee \u00a0 Dragi studenti, Sa zadovoljstvom vas obave\u0161tavamo da, nakon letnje pauze, Srpski kulturni forum (SKF) ponovo priprema veliki broj zanimljivih i edukativnih doga\u0111aja! U \u010detvrtak, 24. septembra, s po\u010detkom u 19:30 \u010dasova odr\u017ea\u0107e se predstava pod nazivom \u201eIma jedna zemlja\u02ee. Ova monodrama, u re\u017eiji i izvo\u0111enju Jovice Ja\u0161ina, nastala je po [&hellip;]\" \/>\n<meta property=\"og:url\" content=\"https:\/\/www.ossaw.at\/de\/monodrama-ima-jedna-zemlja\u02ee\/\" \/>\n<meta property=\"og:site_name\" content=\"\u041eSSAW\" \/>\n<meta property=\"article:publisher\" content=\"https:\/\/www.facebook.com\/ossaw\" \/>\n<meta property=\"article:published_time\" content=\"2015-09-15T04:55:21+00:00\" \/>\n<meta property=\"article:modified_time\" content=\"2015-09-16T20:46:07+00:00\" \/>\n<meta property=\"og:image\" content=\"https:\/\/www.ossaw.at\/wp-content\/uploads\/2015\/09\/adca2029f031cb09945b060f45b07af6_1_large.jpg\" \/>\n\t<meta property=\"og:image:width\" content=\"400\" \/>\n\t<meta property=\"og:image:height\" content=\"324\" \/>\n\t<meta property=\"og:image:type\" content=\"image\/jpeg\" \/>\n<meta name=\"author\" content=\"OSSAW Media\" \/>\n<meta name=\"twitter:card\" content=\"summary_large_image\" \/>\n<meta name=\"twitter:label1\" content=\"Verfasst von\" \/>\n\t<meta name=\"twitter:data1\" content=\"OSSAW Media\" \/>\n\t<meta name=\"twitter:label2\" content=\"Gesch\u00e4tzte Lesezeit\" \/>\n\t<meta name=\"twitter:data2\" content=\"1\u00a0Minute\" \/>\n<script type=\"application\/ld+json\" class=\"yoast-schema-graph\">{\"@context\":\"https:\/\/schema.org\",\"@graph\":[{\"@type\":\"Article\",\"@id\":\"https:\/\/www.ossaw.at\/de\/monodrama-ima-jedna-zemlja%cb%ae\/#article\",\"isPartOf\":{\"@id\":\"https:\/\/www.ossaw.at\/de\/monodrama-ima-jedna-zemlja%cb%ae\/\"},\"author\":{\"name\":\"OSSAW Media\",\"@id\":\"https:\/\/www.ossaw.at\/#\/schema\/person\/5357760e30652fb4eb06c2e2b971017f\"},\"headline\":\"Monodrama: \u201eIma jedna zemlja\u02ee\",\"datePublished\":\"2015-09-15T04:55:21+00:00\",\"dateModified\":\"2015-09-16T20:46:07+00:00\",\"mainEntityOfPage\":{\"@id\":\"https:\/\/www.ossaw.at\/de\/monodrama-ima-jedna-zemlja%cb%ae\/\"},\"wordCount\":190,\"publisher\":{\"@id\":\"https:\/\/www.ossaw.at\/#organization\"},\"image\":{\"@id\":\"https:\/\/www.ossaw.at\/de\/monodrama-ima-jedna-zemlja%cb%ae\/#primaryimage\"},\"thumbnailUrl\":\"https:\/\/www.ossaw.at\/wp-content\/uploads\/2015\/09\/adca2029f031cb09945b060f45b07af6_1_large.jpg\",\"articleSection\":[\"\u0412\u0435\u0441\u0442\u0438\"],\"inLanguage\":\"de\"},{\"@type\":\"WebPage\",\"@id\":\"https:\/\/www.ossaw.at\/de\/monodrama-ima-jedna-zemlja%cb%ae\/\",\"url\":\"https:\/\/www.ossaw.at\/de\/monodrama-ima-jedna-zemlja%cb%ae\/\",\"name\":\"Monodrama: \u201eIma jedna zemlja\u02ee - \u041eSSAW\",\"isPartOf\":{\"@id\":\"https:\/\/www.ossaw.at\/#website\"},\"primaryImageOfPage\":{\"@id\":\"https:\/\/www.ossaw.at\/de\/monodrama-ima-jedna-zemlja%cb%ae\/#primaryimage\"},\"image\":{\"@id\":\"https:\/\/www.ossaw.at\/de\/monodrama-ima-jedna-zemlja%cb%ae\/#primaryimage\"},\"thumbnailUrl\":\"https:\/\/www.ossaw.at\/wp-content\/uploads\/2015\/09\/adca2029f031cb09945b060f45b07af6_1_large.jpg\",\"datePublished\":\"2015-09-15T04:55:21+00:00\",\"dateModified\":\"2015-09-16T20:46:07+00:00\",\"breadcrumb\":{\"@id\":\"https:\/\/www.ossaw.at\/de\/monodrama-ima-jedna-zemlja%cb%ae\/#breadcrumb\"},\"inLanguage\":\"de\",\"potentialAction\":[{\"@type\":\"ReadAction\",\"target\":[\"https:\/\/www.ossaw.at\/de\/monodrama-ima-jedna-zemlja%cb%ae\/\"]}]},{\"@type\":\"ImageObject\",\"inLanguage\":\"de\",\"@id\":\"https:\/\/www.ossaw.at\/de\/monodrama-ima-jedna-zemlja%cb%ae\/#primaryimage\",\"url\":\"https:\/\/www.ossaw.at\/wp-content\/uploads\/2015\/09\/adca2029f031cb09945b060f45b07af6_1_large.jpg\",\"contentUrl\":\"https:\/\/www.ossaw.at\/wp-content\/uploads\/2015\/09\/adca2029f031cb09945b060f45b07af6_1_large.jpg\",\"width\":400,\"height\":324},{\"@type\":\"BreadcrumbList\",\"@id\":\"https:\/\/www.ossaw.at\/de\/monodrama-ima-jedna-zemlja%cb%ae\/#breadcrumb\",\"itemListElement\":[{\"@type\":\"ListItem\",\"position\":1,\"name\":\"\u041f\u043e\u0447\u0435\u0442\u043d\u0430\",\"item\":\"https:\/\/www.ossaw.at\/\"},{\"@type\":\"ListItem\",\"position\":2,\"name\":\"Monodrama: \u201eIma jedna zemlja\u02ee\"}]},{\"@type\":\"WebSite\",\"@id\":\"https:\/\/www.ossaw.at\/#website\",\"url\":\"https:\/\/www.ossaw.at\/\",\"name\":\"\u041eSSAW\",\"description\":\"Organisation Serbischer Studenten im Ausland - Wien\",\"publisher\":{\"@id\":\"https:\/\/www.ossaw.at\/#organization\"},\"potentialAction\":[{\"@type\":\"SearchAction\",\"target\":{\"@type\":\"EntryPoint\",\"urlTemplate\":\"https:\/\/www.ossaw.at\/?s={search_term_string}\"},\"query-input\":{\"@type\":\"PropertyValueSpecification\",\"valueRequired\":true,\"valueName\":\"search_term_string\"}}],\"inLanguage\":\"de\"},{\"@type\":\"Organization\",\"@id\":\"https:\/\/www.ossaw.at\/#organization\",\"name\":\"\u041e\u0441\u0441\u0438 - \u0411\u0435\u0447\",\"url\":\"https:\/\/www.ossaw.at\/\",\"logo\":{\"@type\":\"ImageObject\",\"inLanguage\":\"de\",\"@id\":\"https:\/\/www.ossaw.at\/#\/schema\/logo\/image\/\",\"url\":\"https:\/\/www.ossaw.at\/wp-content\/uploads\/2016\/07\/OSSAW-logo-cirilica-page-001-2.jpg\",\"contentUrl\":\"https:\/\/www.ossaw.at\/wp-content\/uploads\/2016\/07\/OSSAW-logo-cirilica-page-001-2.jpg\",\"width\":1448,\"height\":1024,\"caption\":\"\u041e\u0441\u0441\u0438 - \u0411\u0435\u0447\"},\"image\":{\"@id\":\"https:\/\/www.ossaw.at\/#\/schema\/logo\/image\/\"},\"sameAs\":[\"https:\/\/www.facebook.com\/ossaw\",\"https:\/\/www.instagram.com\/ossa_wien\/\",\"https:\/\/www.linkedin.com\/company\/organisation-of-serbian-students-abroad---vienna\"]},{\"@type\":\"Person\",\"@id\":\"https:\/\/www.ossaw.at\/#\/schema\/person\/5357760e30652fb4eb06c2e2b971017f\",\"name\":\"OSSAW Media\",\"image\":{\"@type\":\"ImageObject\",\"inLanguage\":\"de\",\"@id\":\"https:\/\/www.ossaw.at\/#\/schema\/person\/image\/\",\"url\":\"https:\/\/secure.gravatar.com\/avatar\/3be439b9bb8444259b85eb9d68d46ba4?s=96&d=mm&r=pg\",\"contentUrl\":\"https:\/\/secure.gravatar.com\/avatar\/3be439b9bb8444259b85eb9d68d46ba4?s=96&d=mm&r=pg\",\"caption\":\"OSSAW Media\"},\"url\":\"https:\/\/www.ossaw.at\/de\/author\/official-ossaw\/\"}]}<\/script>\n<!-- \/ Yoast SEO plugin. -->","yoast_head_json":{"title":"Monodrama: \u201eIma jedna zemlja\u02ee - \u041eSSAW","robots":{"index":"index","follow":"follow","max-snippet":"max-snippet:-1","max-image-preview":"max-image-preview:large","max-video-preview":"max-video-preview:-1"},"canonical":"https:\/\/www.ossaw.at\/de\/monodrama-ima-jedna-zemlja\u02ee\/","og_locale":"de_DE","og_type":"article","og_title":"Monodrama: \u201eIma jedna zemlja\u02ee - \u041eSSAW","og_description":"Monodrama: \u201eIma jedna zemlja\u02ee \u00a0 Dragi studenti, Sa zadovoljstvom vas obave\u0161tavamo da, nakon letnje pauze, Srpski kulturni forum (SKF) ponovo priprema veliki broj zanimljivih i edukativnih doga\u0111aja! U \u010detvrtak, 24. septembra, s po\u010detkom u 19:30 \u010dasova odr\u017ea\u0107e se predstava pod nazivom \u201eIma jedna zemlja\u02ee. Ova monodrama, u re\u017eiji i izvo\u0111enju Jovice Ja\u0161ina, nastala je po [&hellip;]","og_url":"https:\/\/www.ossaw.at\/de\/monodrama-ima-jedna-zemlja\u02ee\/","og_site_name":"\u041eSSAW","article_publisher":"https:\/\/www.facebook.com\/ossaw","article_published_time":"2015-09-15T04:55:21+00:00","article_modified_time":"2015-09-16T20:46:07+00:00","og_image":[{"width":400,"height":324,"url":"https:\/\/www.ossaw.at\/wp-content\/uploads\/2015\/09\/adca2029f031cb09945b060f45b07af6_1_large.jpg","type":"image\/jpeg"}],"author":"OSSAW Media","twitter_card":"summary_large_image","twitter_misc":{"Verfasst von":"OSSAW Media","Gesch\u00e4tzte Lesezeit":"1\u00a0Minute"},"schema":{"@context":"https:\/\/schema.org","@graph":[{"@type":"Article","@id":"https:\/\/www.ossaw.at\/de\/monodrama-ima-jedna-zemlja%cb%ae\/#article","isPartOf":{"@id":"https:\/\/www.ossaw.at\/de\/monodrama-ima-jedna-zemlja%cb%ae\/"},"author":{"name":"OSSAW Media","@id":"https:\/\/www.ossaw.at\/#\/schema\/person\/5357760e30652fb4eb06c2e2b971017f"},"headline":"Monodrama: \u201eIma jedna zemlja\u02ee","datePublished":"2015-09-15T04:55:21+00:00","dateModified":"2015-09-16T20:46:07+00:00","mainEntityOfPage":{"@id":"https:\/\/www.ossaw.at\/de\/monodrama-ima-jedna-zemlja%cb%ae\/"},"wordCount":190,"publisher":{"@id":"https:\/\/www.ossaw.at\/#organization"},"image":{"@id":"https:\/\/www.ossaw.at\/de\/monodrama-ima-jedna-zemlja%cb%ae\/#primaryimage"},"thumbnailUrl":"https:\/\/www.ossaw.at\/wp-content\/uploads\/2015\/09\/adca2029f031cb09945b060f45b07af6_1_large.jpg","articleSection":["\u0412\u0435\u0441\u0442\u0438"],"inLanguage":"de"},{"@type":"WebPage","@id":"https:\/\/www.ossaw.at\/de\/monodrama-ima-jedna-zemlja%cb%ae\/","url":"https:\/\/www.ossaw.at\/de\/monodrama-ima-jedna-zemlja%cb%ae\/","name":"Monodrama: \u201eIma jedna zemlja\u02ee - \u041eSSAW","isPartOf":{"@id":"https:\/\/www.ossaw.at\/#website"},"primaryImageOfPage":{"@id":"https:\/\/www.ossaw.at\/de\/monodrama-ima-jedna-zemlja%cb%ae\/#primaryimage"},"image":{"@id":"https:\/\/www.ossaw.at\/de\/monodrama-ima-jedna-zemlja%cb%ae\/#primaryimage"},"thumbnailUrl":"https:\/\/www.ossaw.at\/wp-content\/uploads\/2015\/09\/adca2029f031cb09945b060f45b07af6_1_large.jpg","datePublished":"2015-09-15T04:55:21+00:00","dateModified":"2015-09-16T20:46:07+00:00","breadcrumb":{"@id":"https:\/\/www.ossaw.at\/de\/monodrama-ima-jedna-zemlja%cb%ae\/#breadcrumb"},"inLanguage":"de","potentialAction":[{"@type":"ReadAction","target":["https:\/\/www.ossaw.at\/de\/monodrama-ima-jedna-zemlja%cb%ae\/"]}]},{"@type":"ImageObject","inLanguage":"de","@id":"https:\/\/www.ossaw.at\/de\/monodrama-ima-jedna-zemlja%cb%ae\/#primaryimage","url":"https:\/\/www.ossaw.at\/wp-content\/uploads\/2015\/09\/adca2029f031cb09945b060f45b07af6_1_large.jpg","contentUrl":"https:\/\/www.ossaw.at\/wp-content\/uploads\/2015\/09\/adca2029f031cb09945b060f45b07af6_1_large.jpg","width":400,"height":324},{"@type":"BreadcrumbList","@id":"https:\/\/www.ossaw.at\/de\/monodrama-ima-jedna-zemlja%cb%ae\/#breadcrumb","itemListElement":[{"@type":"ListItem","position":1,"name":"\u041f\u043e\u0447\u0435\u0442\u043d\u0430","item":"https:\/\/www.ossaw.at\/"},{"@type":"ListItem","position":2,"name":"Monodrama: \u201eIma jedna zemlja\u02ee"}]},{"@type":"WebSite","@id":"https:\/\/www.ossaw.at\/#website","url":"https:\/\/www.ossaw.at\/","name":"\u041eSSAW","description":"Organisation Serbischer Studenten im Ausland - Wien","publisher":{"@id":"https:\/\/www.ossaw.at\/#organization"},"potentialAction":[{"@type":"SearchAction","target":{"@type":"EntryPoint","urlTemplate":"https:\/\/www.ossaw.at\/?s={search_term_string}"},"query-input":{"@type":"PropertyValueSpecification","valueRequired":true,"valueName":"search_term_string"}}],"inLanguage":"de"},{"@type":"Organization","@id":"https:\/\/www.ossaw.at\/#organization","name":"\u041e\u0441\u0441\u0438 - \u0411\u0435\u0447","url":"https:\/\/www.ossaw.at\/","logo":{"@type":"ImageObject","inLanguage":"de","@id":"https:\/\/www.ossaw.at\/#\/schema\/logo\/image\/","url":"https:\/\/www.ossaw.at\/wp-content\/uploads\/2016\/07\/OSSAW-logo-cirilica-page-001-2.jpg","contentUrl":"https:\/\/www.ossaw.at\/wp-content\/uploads\/2016\/07\/OSSAW-logo-cirilica-page-001-2.jpg","width":1448,"height":1024,"caption":"\u041e\u0441\u0441\u0438 - \u0411\u0435\u0447"},"image":{"@id":"https:\/\/www.ossaw.at\/#\/schema\/logo\/image\/"},"sameAs":["https:\/\/www.facebook.com\/ossaw","https:\/\/www.instagram.com\/ossa_wien\/","https:\/\/www.linkedin.com\/company\/organisation-of-serbian-students-abroad---vienna"]},{"@type":"Person","@id":"https:\/\/www.ossaw.at\/#\/schema\/person\/5357760e30652fb4eb06c2e2b971017f","name":"OSSAW Media","image":{"@type":"ImageObject","inLanguage":"de","@id":"https:\/\/www.ossaw.at\/#\/schema\/person\/image\/","url":"https:\/\/secure.gravatar.com\/avatar\/3be439b9bb8444259b85eb9d68d46ba4?s=96&d=mm&r=pg","contentUrl":"https:\/\/secure.gravatar.com\/avatar\/3be439b9bb8444259b85eb9d68d46ba4?s=96&d=mm&r=pg","caption":"OSSAW Media"},"url":"https:\/\/www.ossaw.at\/de\/author\/official-ossaw\/"}]}},"_links":{"self":[{"href":"https:\/\/www.ossaw.at\/de\/wp-json\/wp\/v2\/posts\/6264"}],"collection":[{"href":"https:\/\/www.ossaw.at\/de\/wp-json\/wp\/v2\/posts"}],"about":[{"href":"https:\/\/www.ossaw.at\/de\/wp-json\/wp\/v2\/types\/post"}],"author":[{"embeddable":true,"href":"https:\/\/www.ossaw.at\/de\/wp-json\/wp\/v2\/users\/25"}],"replies":[{"embeddable":true,"href":"https:\/\/www.ossaw.at\/de\/wp-json\/wp\/v2\/comments?post=6264"}],"version-history":[{"count":0,"href":"https:\/\/www.ossaw.at\/de\/wp-json\/wp\/v2\/posts\/6264\/revisions"}],"wp:featuredmedia":[{"embeddable":true,"href":"https:\/\/www.ossaw.at\/de\/wp-json\/wp\/v2\/media\/6265"}],"wp:attachment":[{"href":"https:\/\/www.ossaw.at\/de\/wp-json\/wp\/v2\/media?parent=6264"}],"wp:term":[{"taxonomy":"category","embeddable":true,"href":"https:\/\/www.ossaw.at\/de\/wp-json\/wp\/v2\/categories?post=6264"},{"taxonomy":"post_tag","embeddable":true,"href":"https:\/\/www.ossaw.at\/de\/wp-json\/wp\/v2\/tags?post=6264"}],"curies":[{"name":"wp","href":"https:\/\/api.w.org\/{rel}","templated":true}]}}