{"id":6273,"date":"2015-09-15T07:00:35","date_gmt":"2015-09-15T05:00:35","guid":{"rendered":"http:\/\/ossaw.at\/?p=6273"},"modified":"2015-09-16T22:46:07","modified_gmt":"2015-09-16T20:46:07","slug":"jesen-u-becu-u-znaku-umetnosti-%cb%aeartmustseptember%cb%ae","status":"publish","type":"post","link":"https:\/\/www.ossaw.at\/de\/jesen-u-becu-u-znaku-umetnosti-%cb%aeartmustseptember%cb%ae\/","title":{"rendered":"Jesen u Be\u010du u znaku umetnosti \u02eeArt\/Must\/September\u02ee"},"content":{"rendered":"<p align=\"center\"><b>Jesen u Be\u010du u znaku umetnosti<\/b><\/p>\n<p align=\"center\"><b>\u02eeArt\/Must\/September\u02ee<\/b><\/p>\n<p align=\"center\"><b>\u00a0<\/b><\/p>\n<p>Za sve ljubitelje muzeja i galerija, ova jesen u Be\u010du bi\u0107e bogata veoma zanimljivim izlo\u017ebama!<\/p>\n<p>Od 24. do 27. septembra, austrijska prestonica bi\u0107e pravi centar savremene umetnosti. Na novoj, uzbudljivoj lokaciji \u2013 <i>Marx Halle <\/i>\u2013 <b>viennacontemporary <\/b>posta\u0107e doga\u0111aj koji se ne sme propustiti!<\/p>\n<p>\u010cak 99 galerija iz 25 zemalja \u0161irom isto\u010dne i zapadne Evrope predstavi\u0107e svoje umetnike na najva\u017enijem internacionalnom Sajmu umetnosti u Be\u010du. Ponuda isto\u010dnoevropskih galerija jedinstvena je u celom svetu, a ovogodi\u0161nji fokus bi\u0107e na delima bugarskih umetnika.<\/p>\n<p>Kako bi ljubitelji umetnosti obogatili svoja znanja, u okviru programa organizovano je vi\u0161e od 20 tura obilazaka izlo\u017eenih dela i razgovora sa umetnicima i sakuplja\u010dima.<\/p>\n<p>Za studente je, uz va\u017ee\u0107u studentsku legitimaciju, posle 15 \u010dasova besplatan ulaz.<\/p>\n<p>Vi\u0161e informacija o ovom doga\u0111aju mo\u017eete prona\u0107i na: <a href=\"http:\/\/www.viennacontemporary.at\/de\/\">www.viennacontemporary.at\/de\/<\/a>.<\/p>\n<p><b>Datum i vreme<\/b>: od 24. do 27. septembra 2015. \u2502 11:00 \u2013 19:00 \u010d<\/p>\n<p><b>Mesto<\/b>: Marx Halle, Karl-Farkas-Gasse 19, 1030 Wien<\/p>\n<p>Vidimo se!<\/p>\n<p>Va\u0161 OSSI Be\u010d<\/p>\n<p>&nbsp;<\/p>\n<p>&nbsp;<\/p>\n","protected":false},"excerpt":{"rendered":"<p>Jesen u Be\u010du u znaku umetnosti \u02eeArt\/Must\/September\u02ee \u00a0 Za sve ljubitelje muzeja i galerija, ova jesen u Be\u010du bi\u0107e bogata veoma zanimljivim izlo\u017ebama! Od 24. do 27. septembra, austrijska prestonica bi\u0107e pravi centar savremene umetnosti. Na novoj, uzbudljivoj lokaciji \u2013 Marx Halle \u2013 viennacontemporary posta\u0107e doga\u0111aj koji se ne sme propustiti! \u010cak 99 galerija iz [&hellip;]<\/p>\n","protected":false},"author":25,"featured_media":6274,"comment_status":"closed","ping_status":"open","sticky":false,"template":"","format":"standard","meta":{"footnotes":""},"categories":[205],"tags":[],"yoast_head":"<!-- This site is optimized with the Yoast SEO plugin v23.5 - https:\/\/yoast.com\/wordpress\/plugins\/seo\/ -->\n<title>Jesen u Be\u010du u znaku umetnosti \u02eeArt\/Must\/September\u02ee - \u041eSSAW<\/title>\n<meta name=\"robots\" content=\"index, follow, max-snippet:-1, max-image-preview:large, max-video-preview:-1\" \/>\n<link rel=\"canonical\" href=\"https:\/\/www.ossaw.at\/de\/jesen-u-becu-u-znaku-umetnosti-\u02eeartmustseptember\u02ee\/\" \/>\n<meta property=\"og:locale\" content=\"de_DE\" \/>\n<meta property=\"og:type\" content=\"article\" \/>\n<meta property=\"og:title\" content=\"Jesen u Be\u010du u znaku umetnosti \u02eeArt\/Must\/September\u02ee - \u041eSSAW\" \/>\n<meta property=\"og:description\" content=\"Jesen u Be\u010du u znaku umetnosti \u02eeArt\/Must\/September\u02ee \u00a0 Za sve ljubitelje muzeja i galerija, ova jesen u Be\u010du bi\u0107e bogata veoma zanimljivim izlo\u017ebama! Od 24. do 27. septembra, austrijska prestonica bi\u0107e pravi centar savremene umetnosti. Na novoj, uzbudljivoj lokaciji \u2013 Marx Halle \u2013 viennacontemporary posta\u0107e doga\u0111aj koji se ne sme propustiti! \u010cak 99 galerija iz [&hellip;]\" \/>\n<meta property=\"og:url\" content=\"https:\/\/www.ossaw.at\/de\/jesen-u-becu-u-znaku-umetnosti-\u02eeartmustseptember\u02ee\/\" \/>\n<meta property=\"og:site_name\" content=\"\u041eSSAW\" \/>\n<meta property=\"article:publisher\" content=\"https:\/\/www.facebook.com\/ossaw\" \/>\n<meta property=\"article:published_time\" content=\"2015-09-15T05:00:35+00:00\" \/>\n<meta property=\"article:modified_time\" content=\"2015-09-16T20:46:07+00:00\" \/>\n<meta property=\"og:image\" content=\"https:\/\/www.ossaw.at\/wp-content\/uploads\/2015\/09\/viennacontemporary.jpg\" \/>\n\t<meta property=\"og:image:width\" content=\"960\" \/>\n\t<meta property=\"og:image:height\" content=\"334\" \/>\n\t<meta property=\"og:image:type\" content=\"image\/jpeg\" \/>\n<meta name=\"author\" content=\"OSSAW Media\" \/>\n<meta name=\"twitter:card\" content=\"summary_large_image\" \/>\n<meta name=\"twitter:label1\" content=\"Verfasst von\" \/>\n\t<meta name=\"twitter:data1\" content=\"OSSAW Media\" \/>\n\t<meta name=\"twitter:label2\" content=\"Gesch\u00e4tzte Lesezeit\" \/>\n\t<meta name=\"twitter:data2\" content=\"1\u00a0Minute\" \/>\n<script type=\"application\/ld+json\" class=\"yoast-schema-graph\">{\"@context\":\"https:\/\/schema.org\",\"@graph\":[{\"@type\":\"Article\",\"@id\":\"https:\/\/www.ossaw.at\/de\/jesen-u-becu-u-znaku-umetnosti-%cb%aeartmustseptember%cb%ae\/#article\",\"isPartOf\":{\"@id\":\"https:\/\/www.ossaw.at\/de\/jesen-u-becu-u-znaku-umetnosti-%cb%aeartmustseptember%cb%ae\/\"},\"author\":{\"name\":\"OSSAW Media\",\"@id\":\"https:\/\/www.ossaw.at\/#\/schema\/person\/5357760e30652fb4eb06c2e2b971017f\"},\"headline\":\"Jesen u Be\u010du u znaku umetnosti \u02eeArt\/Must\/September\u02ee\",\"datePublished\":\"2015-09-15T05:00:35+00:00\",\"dateModified\":\"2015-09-16T20:46:07+00:00\",\"mainEntityOfPage\":{\"@id\":\"https:\/\/www.ossaw.at\/de\/jesen-u-becu-u-znaku-umetnosti-%cb%aeartmustseptember%cb%ae\/\"},\"wordCount\":181,\"publisher\":{\"@id\":\"https:\/\/www.ossaw.at\/#organization\"},\"image\":{\"@id\":\"https:\/\/www.ossaw.at\/de\/jesen-u-becu-u-znaku-umetnosti-%cb%aeartmustseptember%cb%ae\/#primaryimage\"},\"thumbnailUrl\":\"https:\/\/www.ossaw.at\/wp-content\/uploads\/2015\/09\/viennacontemporary.jpg\",\"articleSection\":[\"\u0412\u0435\u0441\u0442\u0438\"],\"inLanguage\":\"de\"},{\"@type\":\"WebPage\",\"@id\":\"https:\/\/www.ossaw.at\/de\/jesen-u-becu-u-znaku-umetnosti-%cb%aeartmustseptember%cb%ae\/\",\"url\":\"https:\/\/www.ossaw.at\/de\/jesen-u-becu-u-znaku-umetnosti-%cb%aeartmustseptember%cb%ae\/\",\"name\":\"Jesen u Be\u010du u znaku umetnosti \u02eeArt\/Must\/September\u02ee - \u041eSSAW\",\"isPartOf\":{\"@id\":\"https:\/\/www.ossaw.at\/#website\"},\"primaryImageOfPage\":{\"@id\":\"https:\/\/www.ossaw.at\/de\/jesen-u-becu-u-znaku-umetnosti-%cb%aeartmustseptember%cb%ae\/#primaryimage\"},\"image\":{\"@id\":\"https:\/\/www.ossaw.at\/de\/jesen-u-becu-u-znaku-umetnosti-%cb%aeartmustseptember%cb%ae\/#primaryimage\"},\"thumbnailUrl\":\"https:\/\/www.ossaw.at\/wp-content\/uploads\/2015\/09\/viennacontemporary.jpg\",\"datePublished\":\"2015-09-15T05:00:35+00:00\",\"dateModified\":\"2015-09-16T20:46:07+00:00\",\"breadcrumb\":{\"@id\":\"https:\/\/www.ossaw.at\/de\/jesen-u-becu-u-znaku-umetnosti-%cb%aeartmustseptember%cb%ae\/#breadcrumb\"},\"inLanguage\":\"de\",\"potentialAction\":[{\"@type\":\"ReadAction\",\"target\":[\"https:\/\/www.ossaw.at\/de\/jesen-u-becu-u-znaku-umetnosti-%cb%aeartmustseptember%cb%ae\/\"]}]},{\"@type\":\"ImageObject\",\"inLanguage\":\"de\",\"@id\":\"https:\/\/www.ossaw.at\/de\/jesen-u-becu-u-znaku-umetnosti-%cb%aeartmustseptember%cb%ae\/#primaryimage\",\"url\":\"https:\/\/www.ossaw.at\/wp-content\/uploads\/2015\/09\/viennacontemporary.jpg\",\"contentUrl\":\"https:\/\/www.ossaw.at\/wp-content\/uploads\/2015\/09\/viennacontemporary.jpg\",\"width\":960,\"height\":334},{\"@type\":\"BreadcrumbList\",\"@id\":\"https:\/\/www.ossaw.at\/de\/jesen-u-becu-u-znaku-umetnosti-%cb%aeartmustseptember%cb%ae\/#breadcrumb\",\"itemListElement\":[{\"@type\":\"ListItem\",\"position\":1,\"name\":\"\u041f\u043e\u0447\u0435\u0442\u043d\u0430\",\"item\":\"https:\/\/www.ossaw.at\/\"},{\"@type\":\"ListItem\",\"position\":2,\"name\":\"Jesen u Be\u010du u znaku umetnosti \u02eeArt\/Must\/September\u02ee\"}]},{\"@type\":\"WebSite\",\"@id\":\"https:\/\/www.ossaw.at\/#website\",\"url\":\"https:\/\/www.ossaw.at\/\",\"name\":\"\u041eSSAW\",\"description\":\"Organisation Serbischer Studenten im Ausland - Wien\",\"publisher\":{\"@id\":\"https:\/\/www.ossaw.at\/#organization\"},\"potentialAction\":[{\"@type\":\"SearchAction\",\"target\":{\"@type\":\"EntryPoint\",\"urlTemplate\":\"https:\/\/www.ossaw.at\/?s={search_term_string}\"},\"query-input\":{\"@type\":\"PropertyValueSpecification\",\"valueRequired\":true,\"valueName\":\"search_term_string\"}}],\"inLanguage\":\"de\"},{\"@type\":\"Organization\",\"@id\":\"https:\/\/www.ossaw.at\/#organization\",\"name\":\"\u041e\u0441\u0441\u0438 - \u0411\u0435\u0447\",\"url\":\"https:\/\/www.ossaw.at\/\",\"logo\":{\"@type\":\"ImageObject\",\"inLanguage\":\"de\",\"@id\":\"https:\/\/www.ossaw.at\/#\/schema\/logo\/image\/\",\"url\":\"https:\/\/www.ossaw.at\/wp-content\/uploads\/2016\/07\/OSSAW-logo-cirilica-page-001-2.jpg\",\"contentUrl\":\"https:\/\/www.ossaw.at\/wp-content\/uploads\/2016\/07\/OSSAW-logo-cirilica-page-001-2.jpg\",\"width\":1448,\"height\":1024,\"caption\":\"\u041e\u0441\u0441\u0438 - \u0411\u0435\u0447\"},\"image\":{\"@id\":\"https:\/\/www.ossaw.at\/#\/schema\/logo\/image\/\"},\"sameAs\":[\"https:\/\/www.facebook.com\/ossaw\",\"https:\/\/www.instagram.com\/ossa_wien\/\",\"https:\/\/www.linkedin.com\/company\/organisation-of-serbian-students-abroad---vienna\"]},{\"@type\":\"Person\",\"@id\":\"https:\/\/www.ossaw.at\/#\/schema\/person\/5357760e30652fb4eb06c2e2b971017f\",\"name\":\"OSSAW Media\",\"image\":{\"@type\":\"ImageObject\",\"inLanguage\":\"de\",\"@id\":\"https:\/\/www.ossaw.at\/#\/schema\/person\/image\/\",\"url\":\"https:\/\/secure.gravatar.com\/avatar\/3be439b9bb8444259b85eb9d68d46ba4?s=96&d=mm&r=pg\",\"contentUrl\":\"https:\/\/secure.gravatar.com\/avatar\/3be439b9bb8444259b85eb9d68d46ba4?s=96&d=mm&r=pg\",\"caption\":\"OSSAW Media\"},\"url\":\"https:\/\/www.ossaw.at\/de\/author\/official-ossaw\/\"}]}<\/script>\n<!-- \/ Yoast SEO plugin. -->","yoast_head_json":{"title":"Jesen u Be\u010du u znaku umetnosti \u02eeArt\/Must\/September\u02ee - \u041eSSAW","robots":{"index":"index","follow":"follow","max-snippet":"max-snippet:-1","max-image-preview":"max-image-preview:large","max-video-preview":"max-video-preview:-1"},"canonical":"https:\/\/www.ossaw.at\/de\/jesen-u-becu-u-znaku-umetnosti-\u02eeartmustseptember\u02ee\/","og_locale":"de_DE","og_type":"article","og_title":"Jesen u Be\u010du u znaku umetnosti \u02eeArt\/Must\/September\u02ee - \u041eSSAW","og_description":"Jesen u Be\u010du u znaku umetnosti \u02eeArt\/Must\/September\u02ee \u00a0 Za sve ljubitelje muzeja i galerija, ova jesen u Be\u010du bi\u0107e bogata veoma zanimljivim izlo\u017ebama! Od 24. do 27. septembra, austrijska prestonica bi\u0107e pravi centar savremene umetnosti. Na novoj, uzbudljivoj lokaciji \u2013 Marx Halle \u2013 viennacontemporary posta\u0107e doga\u0111aj koji se ne sme propustiti! \u010cak 99 galerija iz [&hellip;]","og_url":"https:\/\/www.ossaw.at\/de\/jesen-u-becu-u-znaku-umetnosti-\u02eeartmustseptember\u02ee\/","og_site_name":"\u041eSSAW","article_publisher":"https:\/\/www.facebook.com\/ossaw","article_published_time":"2015-09-15T05:00:35+00:00","article_modified_time":"2015-09-16T20:46:07+00:00","og_image":[{"width":960,"height":334,"url":"https:\/\/www.ossaw.at\/wp-content\/uploads\/2015\/09\/viennacontemporary.jpg","type":"image\/jpeg"}],"author":"OSSAW Media","twitter_card":"summary_large_image","twitter_misc":{"Verfasst von":"OSSAW Media","Gesch\u00e4tzte Lesezeit":"1\u00a0Minute"},"schema":{"@context":"https:\/\/schema.org","@graph":[{"@type":"Article","@id":"https:\/\/www.ossaw.at\/de\/jesen-u-becu-u-znaku-umetnosti-%cb%aeartmustseptember%cb%ae\/#article","isPartOf":{"@id":"https:\/\/www.ossaw.at\/de\/jesen-u-becu-u-znaku-umetnosti-%cb%aeartmustseptember%cb%ae\/"},"author":{"name":"OSSAW Media","@id":"https:\/\/www.ossaw.at\/#\/schema\/person\/5357760e30652fb4eb06c2e2b971017f"},"headline":"Jesen u Be\u010du u znaku umetnosti \u02eeArt\/Must\/September\u02ee","datePublished":"2015-09-15T05:00:35+00:00","dateModified":"2015-09-16T20:46:07+00:00","mainEntityOfPage":{"@id":"https:\/\/www.ossaw.at\/de\/jesen-u-becu-u-znaku-umetnosti-%cb%aeartmustseptember%cb%ae\/"},"wordCount":181,"publisher":{"@id":"https:\/\/www.ossaw.at\/#organization"},"image":{"@id":"https:\/\/www.ossaw.at\/de\/jesen-u-becu-u-znaku-umetnosti-%cb%aeartmustseptember%cb%ae\/#primaryimage"},"thumbnailUrl":"https:\/\/www.ossaw.at\/wp-content\/uploads\/2015\/09\/viennacontemporary.jpg","articleSection":["\u0412\u0435\u0441\u0442\u0438"],"inLanguage":"de"},{"@type":"WebPage","@id":"https:\/\/www.ossaw.at\/de\/jesen-u-becu-u-znaku-umetnosti-%cb%aeartmustseptember%cb%ae\/","url":"https:\/\/www.ossaw.at\/de\/jesen-u-becu-u-znaku-umetnosti-%cb%aeartmustseptember%cb%ae\/","name":"Jesen u Be\u010du u znaku umetnosti \u02eeArt\/Must\/September\u02ee - \u041eSSAW","isPartOf":{"@id":"https:\/\/www.ossaw.at\/#website"},"primaryImageOfPage":{"@id":"https:\/\/www.ossaw.at\/de\/jesen-u-becu-u-znaku-umetnosti-%cb%aeartmustseptember%cb%ae\/#primaryimage"},"image":{"@id":"https:\/\/www.ossaw.at\/de\/jesen-u-becu-u-znaku-umetnosti-%cb%aeartmustseptember%cb%ae\/#primaryimage"},"thumbnailUrl":"https:\/\/www.ossaw.at\/wp-content\/uploads\/2015\/09\/viennacontemporary.jpg","datePublished":"2015-09-15T05:00:35+00:00","dateModified":"2015-09-16T20:46:07+00:00","breadcrumb":{"@id":"https:\/\/www.ossaw.at\/de\/jesen-u-becu-u-znaku-umetnosti-%cb%aeartmustseptember%cb%ae\/#breadcrumb"},"inLanguage":"de","potentialAction":[{"@type":"ReadAction","target":["https:\/\/www.ossaw.at\/de\/jesen-u-becu-u-znaku-umetnosti-%cb%aeartmustseptember%cb%ae\/"]}]},{"@type":"ImageObject","inLanguage":"de","@id":"https:\/\/www.ossaw.at\/de\/jesen-u-becu-u-znaku-umetnosti-%cb%aeartmustseptember%cb%ae\/#primaryimage","url":"https:\/\/www.ossaw.at\/wp-content\/uploads\/2015\/09\/viennacontemporary.jpg","contentUrl":"https:\/\/www.ossaw.at\/wp-content\/uploads\/2015\/09\/viennacontemporary.jpg","width":960,"height":334},{"@type":"BreadcrumbList","@id":"https:\/\/www.ossaw.at\/de\/jesen-u-becu-u-znaku-umetnosti-%cb%aeartmustseptember%cb%ae\/#breadcrumb","itemListElement":[{"@type":"ListItem","position":1,"name":"\u041f\u043e\u0447\u0435\u0442\u043d\u0430","item":"https:\/\/www.ossaw.at\/"},{"@type":"ListItem","position":2,"name":"Jesen u Be\u010du u znaku umetnosti \u02eeArt\/Must\/September\u02ee"}]},{"@type":"WebSite","@id":"https:\/\/www.ossaw.at\/#website","url":"https:\/\/www.ossaw.at\/","name":"\u041eSSAW","description":"Organisation Serbischer Studenten im Ausland - Wien","publisher":{"@id":"https:\/\/www.ossaw.at\/#organization"},"potentialAction":[{"@type":"SearchAction","target":{"@type":"EntryPoint","urlTemplate":"https:\/\/www.ossaw.at\/?s={search_term_string}"},"query-input":{"@type":"PropertyValueSpecification","valueRequired":true,"valueName":"search_term_string"}}],"inLanguage":"de"},{"@type":"Organization","@id":"https:\/\/www.ossaw.at\/#organization","name":"\u041e\u0441\u0441\u0438 - \u0411\u0435\u0447","url":"https:\/\/www.ossaw.at\/","logo":{"@type":"ImageObject","inLanguage":"de","@id":"https:\/\/www.ossaw.at\/#\/schema\/logo\/image\/","url":"https:\/\/www.ossaw.at\/wp-content\/uploads\/2016\/07\/OSSAW-logo-cirilica-page-001-2.jpg","contentUrl":"https:\/\/www.ossaw.at\/wp-content\/uploads\/2016\/07\/OSSAW-logo-cirilica-page-001-2.jpg","width":1448,"height":1024,"caption":"\u041e\u0441\u0441\u0438 - \u0411\u0435\u0447"},"image":{"@id":"https:\/\/www.ossaw.at\/#\/schema\/logo\/image\/"},"sameAs":["https:\/\/www.facebook.com\/ossaw","https:\/\/www.instagram.com\/ossa_wien\/","https:\/\/www.linkedin.com\/company\/organisation-of-serbian-students-abroad---vienna"]},{"@type":"Person","@id":"https:\/\/www.ossaw.at\/#\/schema\/person\/5357760e30652fb4eb06c2e2b971017f","name":"OSSAW Media","image":{"@type":"ImageObject","inLanguage":"de","@id":"https:\/\/www.ossaw.at\/#\/schema\/person\/image\/","url":"https:\/\/secure.gravatar.com\/avatar\/3be439b9bb8444259b85eb9d68d46ba4?s=96&d=mm&r=pg","contentUrl":"https:\/\/secure.gravatar.com\/avatar\/3be439b9bb8444259b85eb9d68d46ba4?s=96&d=mm&r=pg","caption":"OSSAW Media"},"url":"https:\/\/www.ossaw.at\/de\/author\/official-ossaw\/"}]}},"_links":{"self":[{"href":"https:\/\/www.ossaw.at\/de\/wp-json\/wp\/v2\/posts\/6273"}],"collection":[{"href":"https:\/\/www.ossaw.at\/de\/wp-json\/wp\/v2\/posts"}],"about":[{"href":"https:\/\/www.ossaw.at\/de\/wp-json\/wp\/v2\/types\/post"}],"author":[{"embeddable":true,"href":"https:\/\/www.ossaw.at\/de\/wp-json\/wp\/v2\/users\/25"}],"replies":[{"embeddable":true,"href":"https:\/\/www.ossaw.at\/de\/wp-json\/wp\/v2\/comments?post=6273"}],"version-history":[{"count":0,"href":"https:\/\/www.ossaw.at\/de\/wp-json\/wp\/v2\/posts\/6273\/revisions"}],"wp:featuredmedia":[{"embeddable":true,"href":"https:\/\/www.ossaw.at\/de\/wp-json\/wp\/v2\/media\/6274"}],"wp:attachment":[{"href":"https:\/\/www.ossaw.at\/de\/wp-json\/wp\/v2\/media?parent=6273"}],"wp:term":[{"taxonomy":"category","embeddable":true,"href":"https:\/\/www.ossaw.at\/de\/wp-json\/wp\/v2\/categories?post=6273"},{"taxonomy":"post_tag","embeddable":true,"href":"https:\/\/www.ossaw.at\/de\/wp-json\/wp\/v2\/tags?post=6273"}],"curies":[{"name":"wp","href":"https:\/\/api.w.org\/{rel}","templated":true}]}}