{"id":6276,"date":"2015-09-15T07:02:15","date_gmt":"2015-09-15T05:02:15","guid":{"rendered":"http:\/\/ossaw.at\/?p=6276"},"modified":"2015-09-16T22:46:07","modified_gmt":"2015-09-16T20:46:07","slug":"becki-festival-hrane","status":"publish","type":"post","link":"https:\/\/www.ossaw.at\/de\/becki-festival-hrane\/","title":{"rendered":"Be\u010dki festival hrane"},"content":{"rendered":"<p align=\"center\"><b>Be\u010dki festival hrane<\/b><\/p>\n<p align=\"center\"><b>\u00a0<\/b><\/p>\n<p>Veliki tradicionalisti kada je hrana u pitanju \u2013 Be\u010dlije, odr\u017ea\u0107e u okviru Be\u010dke nedelje hrane (<i>Vienna Food Week<\/i>), od 2. do 4. oktobra, istoimeni festival u hali <i>Marx<\/i>, u 3. be\u010dkom okrugu.<\/p>\n<p>Gosti festivala ne samo da \u0107e u\u017eivati u odli\u010dnoj hrani poznatih <i>street-food<\/i> kombija kao \u0161to su <i>Wrapstars<\/i> i <i>Hykitchen<\/i>, nego \u0107e imati priliku i da probaju specijalitete raznih prominentnih kuvara poput Petra Cintera, \u0161efa restorana <i>Slow Tacos<\/i>, Kristijana Peca ili Edija Dimanta iz jednog od omiljenih restorana japanske kuhinje \u2013 <i>Mochi<\/i>.<\/p>\n<p>Osim degustacije kulinarskih specijaliteta, veliki broj izlaga\u010da \u0107e tokom trodnevnog festivala posetiocima ponuditi i bogat izbor vina, piva i drugih alkoholnih i bezalkoholnih pi\u0107a. Svima na usluzi bi\u0107e i bar koji \u0107e besplatno to\u010diti vodu.<\/p>\n<p>Dnevna ulaznica iznosi 5\u20ac, dok se trodnevna mo\u017ee kupiti po ceni od 10\u20ac.<\/p>\n<p>Vi\u0161e informacija o izlaga\u010dima i programu festivala mo\u017eete prona\u0107i na: <a href=\"http:\/\/www.viennafoodweek.at\/\">www.viennafoodweek.at<\/a>.<\/p>\n<p>Ne propustite ovaj slastan doga\u0111aj od kojeg, i na samu pomisao, polazi voda na usta. Otkrijte svet istinskih u\u017eitaka i hedonizma!<\/p>\n<p><b>Datum i vreme<\/b>: od 2.10. do 4.10.2015.\u2502 petak, subota: od 12 do 22 \u010d, nedelja: od 11 do 18 \u010d<\/p>\n<p><b>Mesto<\/b>: Marx Halle, Karl-Farkas-Gasse 19, 1030 Wien<\/p>\n<p><b>Ulaz<\/b>: 5\u20ac\/10\u20ac<\/p>\n<p>Vidimo se!<\/p>\n<p>Va\u0161 OSSI Be\u010d<\/p>\n<p>&nbsp;<\/p>\n<p>&nbsp;<\/p>\n<p>&nbsp;<\/p>\n<p>&nbsp;<\/p>\n<p>&nbsp;<\/p>\n<p>&nbsp;<\/p>\n","protected":false},"excerpt":{"rendered":"<p>Be\u010dki festival hrane \u00a0 Veliki tradicionalisti kada je hrana u pitanju \u2013 Be\u010dlije, odr\u017ea\u0107e u okviru Be\u010dke nedelje hrane (Vienna Food Week), od 2. do 4. oktobra, istoimeni festival u hali Marx, u 3. be\u010dkom okrugu. Gosti festivala ne samo da \u0107e u\u017eivati u odli\u010dnoj hrani poznatih street-food kombija kao \u0161to su Wrapstars i Hykitchen, [&hellip;]<\/p>\n","protected":false},"author":25,"featured_media":6277,"comment_status":"closed","ping_status":"open","sticky":false,"template":"","format":"standard","meta":{"footnotes":""},"categories":[205],"tags":[],"yoast_head":"<!-- This site is optimized with the Yoast SEO plugin v23.5 - https:\/\/yoast.com\/wordpress\/plugins\/seo\/ -->\n<title>Be\u010dki festival hrane - \u041eSSAW<\/title>\n<meta name=\"robots\" content=\"index, follow, max-snippet:-1, max-image-preview:large, max-video-preview:-1\" \/>\n<link rel=\"canonical\" href=\"https:\/\/www.ossaw.at\/becki-festival-hrane\/\" \/>\n<meta property=\"og:locale\" content=\"de_DE\" \/>\n<meta property=\"og:type\" content=\"article\" \/>\n<meta property=\"og:title\" content=\"Be\u010dki festival hrane - \u041eSSAW\" \/>\n<meta property=\"og:description\" content=\"Be\u010dki festival hrane \u00a0 Veliki tradicionalisti kada je hrana u pitanju \u2013 Be\u010dlije, odr\u017ea\u0107e u okviru Be\u010dke nedelje hrane (Vienna Food Week), od 2. do 4. oktobra, istoimeni festival u hali Marx, u 3. be\u010dkom okrugu. Gosti festivala ne samo da \u0107e u\u017eivati u odli\u010dnoj hrani poznatih street-food kombija kao \u0161to su Wrapstars i Hykitchen, [&hellip;]\" \/>\n<meta property=\"og:url\" content=\"https:\/\/www.ossaw.at\/becki-festival-hrane\/\" \/>\n<meta property=\"og:site_name\" content=\"\u041eSSAW\" \/>\n<meta property=\"article:publisher\" content=\"https:\/\/www.facebook.com\/ossaw\" \/>\n<meta property=\"article:published_time\" content=\"2015-09-15T05:02:15+00:00\" \/>\n<meta property=\"article:modified_time\" content=\"2015-09-16T20:46:07+00:00\" \/>\n<meta property=\"og:image\" content=\"https:\/\/www.ossaw.at\/wp-content\/uploads\/2015\/09\/Vienna-Food-Festival.png\" \/>\n\t<meta property=\"og:image:width\" content=\"784\" \/>\n\t<meta property=\"og:image:height\" content=\"295\" \/>\n\t<meta property=\"og:image:type\" content=\"image\/png\" \/>\n<meta name=\"author\" content=\"OSSAW Media\" \/>\n<meta name=\"twitter:card\" content=\"summary_large_image\" \/>\n<meta name=\"twitter:label1\" content=\"Verfasst von\" \/>\n\t<meta name=\"twitter:data1\" content=\"OSSAW Media\" \/>\n\t<meta name=\"twitter:label2\" content=\"Gesch\u00e4tzte Lesezeit\" \/>\n\t<meta name=\"twitter:data2\" content=\"1\u00a0Minute\" \/>\n<script type=\"application\/ld+json\" class=\"yoast-schema-graph\">{\"@context\":\"https:\/\/schema.org\",\"@graph\":[{\"@type\":\"Article\",\"@id\":\"https:\/\/www.ossaw.at\/becki-festival-hrane\/#article\",\"isPartOf\":{\"@id\":\"https:\/\/www.ossaw.at\/becki-festival-hrane\/\"},\"author\":{\"name\":\"OSSAW Media\",\"@id\":\"https:\/\/www.ossaw.at\/#\/schema\/person\/5357760e30652fb4eb06c2e2b971017f\"},\"headline\":\"Be\u010dki festival hrane\",\"datePublished\":\"2015-09-15T05:02:15+00:00\",\"dateModified\":\"2015-09-16T20:46:07+00:00\",\"mainEntityOfPage\":{\"@id\":\"https:\/\/www.ossaw.at\/becki-festival-hrane\/\"},\"wordCount\":213,\"publisher\":{\"@id\":\"https:\/\/www.ossaw.at\/#organization\"},\"image\":{\"@id\":\"https:\/\/www.ossaw.at\/becki-festival-hrane\/#primaryimage\"},\"thumbnailUrl\":\"https:\/\/www.ossaw.at\/wp-content\/uploads\/2015\/09\/Vienna-Food-Festival.png\",\"articleSection\":[\"\u0412\u0435\u0441\u0442\u0438\"],\"inLanguage\":\"de\"},{\"@type\":\"WebPage\",\"@id\":\"https:\/\/www.ossaw.at\/becki-festival-hrane\/\",\"url\":\"https:\/\/www.ossaw.at\/becki-festival-hrane\/\",\"name\":\"Be\u010dki festival hrane - \u041eSSAW\",\"isPartOf\":{\"@id\":\"https:\/\/www.ossaw.at\/#website\"},\"primaryImageOfPage\":{\"@id\":\"https:\/\/www.ossaw.at\/becki-festival-hrane\/#primaryimage\"},\"image\":{\"@id\":\"https:\/\/www.ossaw.at\/becki-festival-hrane\/#primaryimage\"},\"thumbnailUrl\":\"https:\/\/www.ossaw.at\/wp-content\/uploads\/2015\/09\/Vienna-Food-Festival.png\",\"datePublished\":\"2015-09-15T05:02:15+00:00\",\"dateModified\":\"2015-09-16T20:46:07+00:00\",\"breadcrumb\":{\"@id\":\"https:\/\/www.ossaw.at\/becki-festival-hrane\/#breadcrumb\"},\"inLanguage\":\"de\",\"potentialAction\":[{\"@type\":\"ReadAction\",\"target\":[\"https:\/\/www.ossaw.at\/becki-festival-hrane\/\"]}]},{\"@type\":\"ImageObject\",\"inLanguage\":\"de\",\"@id\":\"https:\/\/www.ossaw.at\/becki-festival-hrane\/#primaryimage\",\"url\":\"https:\/\/www.ossaw.at\/wp-content\/uploads\/2015\/09\/Vienna-Food-Festival.png\",\"contentUrl\":\"https:\/\/www.ossaw.at\/wp-content\/uploads\/2015\/09\/Vienna-Food-Festival.png\",\"width\":784,\"height\":295},{\"@type\":\"BreadcrumbList\",\"@id\":\"https:\/\/www.ossaw.at\/becki-festival-hrane\/#breadcrumb\",\"itemListElement\":[{\"@type\":\"ListItem\",\"position\":1,\"name\":\"\u041f\u043e\u0447\u0435\u0442\u043d\u0430\",\"item\":\"https:\/\/www.ossaw.at\/\"},{\"@type\":\"ListItem\",\"position\":2,\"name\":\"Be\u010dki festival hrane\"}]},{\"@type\":\"WebSite\",\"@id\":\"https:\/\/www.ossaw.at\/#website\",\"url\":\"https:\/\/www.ossaw.at\/\",\"name\":\"\u041eSSAW\",\"description\":\"Organisation Serbischer Studenten im Ausland - Wien\",\"publisher\":{\"@id\":\"https:\/\/www.ossaw.at\/#organization\"},\"potentialAction\":[{\"@type\":\"SearchAction\",\"target\":{\"@type\":\"EntryPoint\",\"urlTemplate\":\"https:\/\/www.ossaw.at\/?s={search_term_string}\"},\"query-input\":{\"@type\":\"PropertyValueSpecification\",\"valueRequired\":true,\"valueName\":\"search_term_string\"}}],\"inLanguage\":\"de\"},{\"@type\":\"Organization\",\"@id\":\"https:\/\/www.ossaw.at\/#organization\",\"name\":\"\u041e\u0441\u0441\u0438 - \u0411\u0435\u0447\",\"url\":\"https:\/\/www.ossaw.at\/\",\"logo\":{\"@type\":\"ImageObject\",\"inLanguage\":\"de\",\"@id\":\"https:\/\/www.ossaw.at\/#\/schema\/logo\/image\/\",\"url\":\"https:\/\/www.ossaw.at\/wp-content\/uploads\/2016\/07\/OSSAW-logo-cirilica-page-001-2.jpg\",\"contentUrl\":\"https:\/\/www.ossaw.at\/wp-content\/uploads\/2016\/07\/OSSAW-logo-cirilica-page-001-2.jpg\",\"width\":1448,\"height\":1024,\"caption\":\"\u041e\u0441\u0441\u0438 - \u0411\u0435\u0447\"},\"image\":{\"@id\":\"https:\/\/www.ossaw.at\/#\/schema\/logo\/image\/\"},\"sameAs\":[\"https:\/\/www.facebook.com\/ossaw\",\"https:\/\/www.instagram.com\/ossa_wien\/\",\"https:\/\/www.linkedin.com\/company\/organisation-of-serbian-students-abroad---vienna\"]},{\"@type\":\"Person\",\"@id\":\"https:\/\/www.ossaw.at\/#\/schema\/person\/5357760e30652fb4eb06c2e2b971017f\",\"name\":\"OSSAW Media\",\"image\":{\"@type\":\"ImageObject\",\"inLanguage\":\"de\",\"@id\":\"https:\/\/www.ossaw.at\/#\/schema\/person\/image\/\",\"url\":\"https:\/\/secure.gravatar.com\/avatar\/3be439b9bb8444259b85eb9d68d46ba4?s=96&d=mm&r=pg\",\"contentUrl\":\"https:\/\/secure.gravatar.com\/avatar\/3be439b9bb8444259b85eb9d68d46ba4?s=96&d=mm&r=pg\",\"caption\":\"OSSAW Media\"},\"url\":\"https:\/\/www.ossaw.at\/de\/author\/official-ossaw\/\"}]}<\/script>\n<!-- \/ Yoast SEO plugin. -->","yoast_head_json":{"title":"Be\u010dki festival hrane - \u041eSSAW","robots":{"index":"index","follow":"follow","max-snippet":"max-snippet:-1","max-image-preview":"max-image-preview:large","max-video-preview":"max-video-preview:-1"},"canonical":"https:\/\/www.ossaw.at\/becki-festival-hrane\/","og_locale":"de_DE","og_type":"article","og_title":"Be\u010dki festival hrane - \u041eSSAW","og_description":"Be\u010dki festival hrane \u00a0 Veliki tradicionalisti kada je hrana u pitanju \u2013 Be\u010dlije, odr\u017ea\u0107e u okviru Be\u010dke nedelje hrane (Vienna Food Week), od 2. do 4. oktobra, istoimeni festival u hali Marx, u 3. be\u010dkom okrugu. Gosti festivala ne samo da \u0107e u\u017eivati u odli\u010dnoj hrani poznatih street-food kombija kao \u0161to su Wrapstars i Hykitchen, [&hellip;]","og_url":"https:\/\/www.ossaw.at\/becki-festival-hrane\/","og_site_name":"\u041eSSAW","article_publisher":"https:\/\/www.facebook.com\/ossaw","article_published_time":"2015-09-15T05:02:15+00:00","article_modified_time":"2015-09-16T20:46:07+00:00","og_image":[{"width":784,"height":295,"url":"https:\/\/www.ossaw.at\/wp-content\/uploads\/2015\/09\/Vienna-Food-Festival.png","type":"image\/png"}],"author":"OSSAW Media","twitter_card":"summary_large_image","twitter_misc":{"Verfasst von":"OSSAW Media","Gesch\u00e4tzte Lesezeit":"1\u00a0Minute"},"schema":{"@context":"https:\/\/schema.org","@graph":[{"@type":"Article","@id":"https:\/\/www.ossaw.at\/becki-festival-hrane\/#article","isPartOf":{"@id":"https:\/\/www.ossaw.at\/becki-festival-hrane\/"},"author":{"name":"OSSAW Media","@id":"https:\/\/www.ossaw.at\/#\/schema\/person\/5357760e30652fb4eb06c2e2b971017f"},"headline":"Be\u010dki festival hrane","datePublished":"2015-09-15T05:02:15+00:00","dateModified":"2015-09-16T20:46:07+00:00","mainEntityOfPage":{"@id":"https:\/\/www.ossaw.at\/becki-festival-hrane\/"},"wordCount":213,"publisher":{"@id":"https:\/\/www.ossaw.at\/#organization"},"image":{"@id":"https:\/\/www.ossaw.at\/becki-festival-hrane\/#primaryimage"},"thumbnailUrl":"https:\/\/www.ossaw.at\/wp-content\/uploads\/2015\/09\/Vienna-Food-Festival.png","articleSection":["\u0412\u0435\u0441\u0442\u0438"],"inLanguage":"de"},{"@type":"WebPage","@id":"https:\/\/www.ossaw.at\/becki-festival-hrane\/","url":"https:\/\/www.ossaw.at\/becki-festival-hrane\/","name":"Be\u010dki festival hrane - \u041eSSAW","isPartOf":{"@id":"https:\/\/www.ossaw.at\/#website"},"primaryImageOfPage":{"@id":"https:\/\/www.ossaw.at\/becki-festival-hrane\/#primaryimage"},"image":{"@id":"https:\/\/www.ossaw.at\/becki-festival-hrane\/#primaryimage"},"thumbnailUrl":"https:\/\/www.ossaw.at\/wp-content\/uploads\/2015\/09\/Vienna-Food-Festival.png","datePublished":"2015-09-15T05:02:15+00:00","dateModified":"2015-09-16T20:46:07+00:00","breadcrumb":{"@id":"https:\/\/www.ossaw.at\/becki-festival-hrane\/#breadcrumb"},"inLanguage":"de","potentialAction":[{"@type":"ReadAction","target":["https:\/\/www.ossaw.at\/becki-festival-hrane\/"]}]},{"@type":"ImageObject","inLanguage":"de","@id":"https:\/\/www.ossaw.at\/becki-festival-hrane\/#primaryimage","url":"https:\/\/www.ossaw.at\/wp-content\/uploads\/2015\/09\/Vienna-Food-Festival.png","contentUrl":"https:\/\/www.ossaw.at\/wp-content\/uploads\/2015\/09\/Vienna-Food-Festival.png","width":784,"height":295},{"@type":"BreadcrumbList","@id":"https:\/\/www.ossaw.at\/becki-festival-hrane\/#breadcrumb","itemListElement":[{"@type":"ListItem","position":1,"name":"\u041f\u043e\u0447\u0435\u0442\u043d\u0430","item":"https:\/\/www.ossaw.at\/"},{"@type":"ListItem","position":2,"name":"Be\u010dki festival hrane"}]},{"@type":"WebSite","@id":"https:\/\/www.ossaw.at\/#website","url":"https:\/\/www.ossaw.at\/","name":"\u041eSSAW","description":"Organisation Serbischer Studenten im Ausland - Wien","publisher":{"@id":"https:\/\/www.ossaw.at\/#organization"},"potentialAction":[{"@type":"SearchAction","target":{"@type":"EntryPoint","urlTemplate":"https:\/\/www.ossaw.at\/?s={search_term_string}"},"query-input":{"@type":"PropertyValueSpecification","valueRequired":true,"valueName":"search_term_string"}}],"inLanguage":"de"},{"@type":"Organization","@id":"https:\/\/www.ossaw.at\/#organization","name":"\u041e\u0441\u0441\u0438 - \u0411\u0435\u0447","url":"https:\/\/www.ossaw.at\/","logo":{"@type":"ImageObject","inLanguage":"de","@id":"https:\/\/www.ossaw.at\/#\/schema\/logo\/image\/","url":"https:\/\/www.ossaw.at\/wp-content\/uploads\/2016\/07\/OSSAW-logo-cirilica-page-001-2.jpg","contentUrl":"https:\/\/www.ossaw.at\/wp-content\/uploads\/2016\/07\/OSSAW-logo-cirilica-page-001-2.jpg","width":1448,"height":1024,"caption":"\u041e\u0441\u0441\u0438 - \u0411\u0435\u0447"},"image":{"@id":"https:\/\/www.ossaw.at\/#\/schema\/logo\/image\/"},"sameAs":["https:\/\/www.facebook.com\/ossaw","https:\/\/www.instagram.com\/ossa_wien\/","https:\/\/www.linkedin.com\/company\/organisation-of-serbian-students-abroad---vienna"]},{"@type":"Person","@id":"https:\/\/www.ossaw.at\/#\/schema\/person\/5357760e30652fb4eb06c2e2b971017f","name":"OSSAW Media","image":{"@type":"ImageObject","inLanguage":"de","@id":"https:\/\/www.ossaw.at\/#\/schema\/person\/image\/","url":"https:\/\/secure.gravatar.com\/avatar\/3be439b9bb8444259b85eb9d68d46ba4?s=96&d=mm&r=pg","contentUrl":"https:\/\/secure.gravatar.com\/avatar\/3be439b9bb8444259b85eb9d68d46ba4?s=96&d=mm&r=pg","caption":"OSSAW Media"},"url":"https:\/\/www.ossaw.at\/de\/author\/official-ossaw\/"}]}},"_links":{"self":[{"href":"https:\/\/www.ossaw.at\/de\/wp-json\/wp\/v2\/posts\/6276"}],"collection":[{"href":"https:\/\/www.ossaw.at\/de\/wp-json\/wp\/v2\/posts"}],"about":[{"href":"https:\/\/www.ossaw.at\/de\/wp-json\/wp\/v2\/types\/post"}],"author":[{"embeddable":true,"href":"https:\/\/www.ossaw.at\/de\/wp-json\/wp\/v2\/users\/25"}],"replies":[{"embeddable":true,"href":"https:\/\/www.ossaw.at\/de\/wp-json\/wp\/v2\/comments?post=6276"}],"version-history":[{"count":0,"href":"https:\/\/www.ossaw.at\/de\/wp-json\/wp\/v2\/posts\/6276\/revisions"}],"wp:featuredmedia":[{"embeddable":true,"href":"https:\/\/www.ossaw.at\/de\/wp-json\/wp\/v2\/media\/6277"}],"wp:attachment":[{"href":"https:\/\/www.ossaw.at\/de\/wp-json\/wp\/v2\/media?parent=6276"}],"wp:term":[{"taxonomy":"category","embeddable":true,"href":"https:\/\/www.ossaw.at\/de\/wp-json\/wp\/v2\/categories?post=6276"},{"taxonomy":"post_tag","embeddable":true,"href":"https:\/\/www.ossaw.at\/de\/wp-json\/wp\/v2\/tags?post=6276"}],"curies":[{"name":"wp","href":"https:\/\/api.w.org\/{rel}","templated":true}]}}