{"id":6285,"date":"2015-09-15T07:08:39","date_gmt":"2015-09-15T05:08:39","guid":{"rendered":"http:\/\/ossaw.at\/?p=6285"},"modified":"2015-09-16T22:46:07","modified_gmt":"2015-09-16T20:46:07","slug":"becki-kafe-buvljak","status":"publish","type":"post","link":"https:\/\/www.ossaw.at\/de\/becki-kafe-buvljak\/","title":{"rendered":"Be\u010dki kafe-buvljak!"},"content":{"rendered":"<p align=\"center\"><b>Be\u010dki kafe-buvljak!<\/b><\/p>\n<p align=\"center\"><b>\u00a0<\/b><\/p>\n<p>Crna ili bela, sa ili bez \u0161e\u0107era \u2013 kafa je omiljeno pi\u0107e svih generacija. Mnogima je nezamislivo zapo\u010deti dan bez kafe. Prema statisti\u010dkim podacima kafa je drugo najpopularnije pi\u0107e, odmah posle vode i najprodavaniji proizvod, odmah posle nafte.<\/p>\n<p>Udru\u017eenje vlasnika be\u010dkih kafi\u0107a ve\u0107 8. put organizuje tzv. \u201ebuvlju pijacu\u02ee, na kojoj svake godine hiljade ljubitelja kafe u\u017eiva u ukusu i mirisu ovog sjajnog napitka.<\/p>\n<p>Predstoje\u0107i kafe buvljak planiran je za subotu, 26. septembar, gde \u0107e Be\u010dlije i njihovi gosti mo\u0107i da se po\u010daste razli\u010ditim vrstama kafe, koju \u0107e pripremati vrhunski, doma\u0107i i inostrani kafe majstori, te prisustvovati promocijama i predavanjima na temu na\u010dina pripreme kafe i napitaka od kafe.<\/p>\n<p><b>Datum i vreme<\/b>: Subota, 26. septembar 2015.\u250210:00 \u2013 15:00 \u010d<\/p>\n<p><b>Mesto<\/b>: Ottakringer Brauerei, Ottakringer Platz 1, 1160 Wien<\/p>\n<p><b>Ulaz<\/b>: Besplatan<\/p>\n<p>OSSI Be\u010d vam \u017eeli ugodan vikend!<\/p>\n","protected":false},"excerpt":{"rendered":"<p>Be\u010dki kafe-buvljak! \u00a0 Crna ili bela, sa ili bez \u0161e\u0107era \u2013 kafa je omiljeno pi\u0107e svih generacija. Mnogima je nezamislivo zapo\u010deti dan bez kafe. Prema statisti\u010dkim podacima kafa je drugo najpopularnije pi\u0107e, odmah posle vode i najprodavaniji proizvod, odmah posle nafte. Udru\u017eenje vlasnika be\u010dkih kafi\u0107a ve\u0107 8. put organizuje tzv. \u201ebuvlju pijacu\u02ee, na kojoj svake [&hellip;]<\/p>\n","protected":false},"author":25,"featured_media":6286,"comment_status":"closed","ping_status":"open","sticky":false,"template":"","format":"standard","meta":{"footnotes":""},"categories":[205],"tags":[],"yoast_head":"<!-- This site is optimized with the Yoast SEO plugin v23.5 - https:\/\/yoast.com\/wordpress\/plugins\/seo\/ -->\n<title>Be\u010dki kafe-buvljak! - \u041eSSAW<\/title>\n<meta name=\"robots\" content=\"index, follow, max-snippet:-1, max-image-preview:large, max-video-preview:-1\" \/>\n<link rel=\"canonical\" href=\"https:\/\/www.ossaw.at\/becki-kafe-buvljak\/\" \/>\n<meta property=\"og:locale\" content=\"de_DE\" \/>\n<meta property=\"og:type\" content=\"article\" \/>\n<meta property=\"og:title\" content=\"Be\u010dki kafe-buvljak! - \u041eSSAW\" \/>\n<meta property=\"og:description\" content=\"Be\u010dki kafe-buvljak! \u00a0 Crna ili bela, sa ili bez \u0161e\u0107era \u2013 kafa je omiljeno pi\u0107e svih generacija. Mnogima je nezamislivo zapo\u010deti dan bez kafe. Prema statisti\u010dkim podacima kafa je drugo najpopularnije pi\u0107e, odmah posle vode i najprodavaniji proizvod, odmah posle nafte. Udru\u017eenje vlasnika be\u010dkih kafi\u0107a ve\u0107 8. put organizuje tzv. \u201ebuvlju pijacu\u02ee, na kojoj svake [&hellip;]\" \/>\n<meta property=\"og:url\" content=\"https:\/\/www.ossaw.at\/becki-kafe-buvljak\/\" \/>\n<meta property=\"og:site_name\" content=\"\u041eSSAW\" \/>\n<meta property=\"article:publisher\" content=\"https:\/\/www.facebook.com\/ossaw\" \/>\n<meta property=\"article:published_time\" content=\"2015-09-15T05:08:39+00:00\" \/>\n<meta property=\"article:modified_time\" content=\"2015-09-16T20:46:07+00:00\" \/>\n<meta property=\"og:image\" content=\"https:\/\/www.ossaw.at\/wp-content\/uploads\/2015\/09\/kaffeehausflohmarkt.jpg\" \/>\n\t<meta property=\"og:image:width\" content=\"960\" \/>\n\t<meta property=\"og:image:height\" content=\"405\" \/>\n\t<meta property=\"og:image:type\" content=\"image\/jpeg\" \/>\n<meta name=\"author\" content=\"OSSAW Media\" \/>\n<meta name=\"twitter:card\" content=\"summary_large_image\" \/>\n<meta name=\"twitter:label1\" content=\"Verfasst von\" \/>\n\t<meta name=\"twitter:data1\" content=\"OSSAW Media\" \/>\n\t<meta name=\"twitter:label2\" content=\"Gesch\u00e4tzte Lesezeit\" \/>\n\t<meta name=\"twitter:data2\" content=\"1\u00a0Minute\" \/>\n<script type=\"application\/ld+json\" class=\"yoast-schema-graph\">{\"@context\":\"https:\/\/schema.org\",\"@graph\":[{\"@type\":\"Article\",\"@id\":\"https:\/\/www.ossaw.at\/becki-kafe-buvljak\/#article\",\"isPartOf\":{\"@id\":\"https:\/\/www.ossaw.at\/becki-kafe-buvljak\/\"},\"author\":{\"name\":\"OSSAW Media\",\"@id\":\"https:\/\/www.ossaw.at\/#\/schema\/person\/5357760e30652fb4eb06c2e2b971017f\"},\"headline\":\"Be\u010dki kafe-buvljak!\",\"datePublished\":\"2015-09-15T05:08:39+00:00\",\"dateModified\":\"2015-09-16T20:46:07+00:00\",\"mainEntityOfPage\":{\"@id\":\"https:\/\/www.ossaw.at\/becki-kafe-buvljak\/\"},\"wordCount\":147,\"publisher\":{\"@id\":\"https:\/\/www.ossaw.at\/#organization\"},\"image\":{\"@id\":\"https:\/\/www.ossaw.at\/becki-kafe-buvljak\/#primaryimage\"},\"thumbnailUrl\":\"https:\/\/www.ossaw.at\/wp-content\/uploads\/2015\/09\/kaffeehausflohmarkt.jpg\",\"articleSection\":[\"\u0412\u0435\u0441\u0442\u0438\"],\"inLanguage\":\"de\"},{\"@type\":\"WebPage\",\"@id\":\"https:\/\/www.ossaw.at\/becki-kafe-buvljak\/\",\"url\":\"https:\/\/www.ossaw.at\/becki-kafe-buvljak\/\",\"name\":\"Be\u010dki kafe-buvljak! - \u041eSSAW\",\"isPartOf\":{\"@id\":\"https:\/\/www.ossaw.at\/#website\"},\"primaryImageOfPage\":{\"@id\":\"https:\/\/www.ossaw.at\/becki-kafe-buvljak\/#primaryimage\"},\"image\":{\"@id\":\"https:\/\/www.ossaw.at\/becki-kafe-buvljak\/#primaryimage\"},\"thumbnailUrl\":\"https:\/\/www.ossaw.at\/wp-content\/uploads\/2015\/09\/kaffeehausflohmarkt.jpg\",\"datePublished\":\"2015-09-15T05:08:39+00:00\",\"dateModified\":\"2015-09-16T20:46:07+00:00\",\"breadcrumb\":{\"@id\":\"https:\/\/www.ossaw.at\/becki-kafe-buvljak\/#breadcrumb\"},\"inLanguage\":\"de\",\"potentialAction\":[{\"@type\":\"ReadAction\",\"target\":[\"https:\/\/www.ossaw.at\/becki-kafe-buvljak\/\"]}]},{\"@type\":\"ImageObject\",\"inLanguage\":\"de\",\"@id\":\"https:\/\/www.ossaw.at\/becki-kafe-buvljak\/#primaryimage\",\"url\":\"https:\/\/www.ossaw.at\/wp-content\/uploads\/2015\/09\/kaffeehausflohmarkt.jpg\",\"contentUrl\":\"https:\/\/www.ossaw.at\/wp-content\/uploads\/2015\/09\/kaffeehausflohmarkt.jpg\",\"width\":960,\"height\":405},{\"@type\":\"BreadcrumbList\",\"@id\":\"https:\/\/www.ossaw.at\/becki-kafe-buvljak\/#breadcrumb\",\"itemListElement\":[{\"@type\":\"ListItem\",\"position\":1,\"name\":\"\u041f\u043e\u0447\u0435\u0442\u043d\u0430\",\"item\":\"https:\/\/www.ossaw.at\/\"},{\"@type\":\"ListItem\",\"position\":2,\"name\":\"Be\u010dki kafe-buvljak!\"}]},{\"@type\":\"WebSite\",\"@id\":\"https:\/\/www.ossaw.at\/#website\",\"url\":\"https:\/\/www.ossaw.at\/\",\"name\":\"\u041eSSAW\",\"description\":\"Organisation Serbischer Studenten im Ausland - Wien\",\"publisher\":{\"@id\":\"https:\/\/www.ossaw.at\/#organization\"},\"potentialAction\":[{\"@type\":\"SearchAction\",\"target\":{\"@type\":\"EntryPoint\",\"urlTemplate\":\"https:\/\/www.ossaw.at\/?s={search_term_string}\"},\"query-input\":{\"@type\":\"PropertyValueSpecification\",\"valueRequired\":true,\"valueName\":\"search_term_string\"}}],\"inLanguage\":\"de\"},{\"@type\":\"Organization\",\"@id\":\"https:\/\/www.ossaw.at\/#organization\",\"name\":\"\u041e\u0441\u0441\u0438 - \u0411\u0435\u0447\",\"url\":\"https:\/\/www.ossaw.at\/\",\"logo\":{\"@type\":\"ImageObject\",\"inLanguage\":\"de\",\"@id\":\"https:\/\/www.ossaw.at\/#\/schema\/logo\/image\/\",\"url\":\"https:\/\/www.ossaw.at\/wp-content\/uploads\/2016\/07\/OSSAW-logo-cirilica-page-001-2.jpg\",\"contentUrl\":\"https:\/\/www.ossaw.at\/wp-content\/uploads\/2016\/07\/OSSAW-logo-cirilica-page-001-2.jpg\",\"width\":1448,\"height\":1024,\"caption\":\"\u041e\u0441\u0441\u0438 - \u0411\u0435\u0447\"},\"image\":{\"@id\":\"https:\/\/www.ossaw.at\/#\/schema\/logo\/image\/\"},\"sameAs\":[\"https:\/\/www.facebook.com\/ossaw\",\"https:\/\/www.instagram.com\/ossa_wien\/\",\"https:\/\/www.linkedin.com\/company\/organisation-of-serbian-students-abroad---vienna\"]},{\"@type\":\"Person\",\"@id\":\"https:\/\/www.ossaw.at\/#\/schema\/person\/5357760e30652fb4eb06c2e2b971017f\",\"name\":\"OSSAW Media\",\"image\":{\"@type\":\"ImageObject\",\"inLanguage\":\"de\",\"@id\":\"https:\/\/www.ossaw.at\/#\/schema\/person\/image\/\",\"url\":\"https:\/\/secure.gravatar.com\/avatar\/3be439b9bb8444259b85eb9d68d46ba4?s=96&d=mm&r=pg\",\"contentUrl\":\"https:\/\/secure.gravatar.com\/avatar\/3be439b9bb8444259b85eb9d68d46ba4?s=96&d=mm&r=pg\",\"caption\":\"OSSAW Media\"},\"url\":\"https:\/\/www.ossaw.at\/de\/author\/official-ossaw\/\"}]}<\/script>\n<!-- \/ Yoast SEO plugin. -->","yoast_head_json":{"title":"Be\u010dki kafe-buvljak! - \u041eSSAW","robots":{"index":"index","follow":"follow","max-snippet":"max-snippet:-1","max-image-preview":"max-image-preview:large","max-video-preview":"max-video-preview:-1"},"canonical":"https:\/\/www.ossaw.at\/becki-kafe-buvljak\/","og_locale":"de_DE","og_type":"article","og_title":"Be\u010dki kafe-buvljak! - \u041eSSAW","og_description":"Be\u010dki kafe-buvljak! \u00a0 Crna ili bela, sa ili bez \u0161e\u0107era \u2013 kafa je omiljeno pi\u0107e svih generacija. Mnogima je nezamislivo zapo\u010deti dan bez kafe. Prema statisti\u010dkim podacima kafa je drugo najpopularnije pi\u0107e, odmah posle vode i najprodavaniji proizvod, odmah posle nafte. Udru\u017eenje vlasnika be\u010dkih kafi\u0107a ve\u0107 8. put organizuje tzv. \u201ebuvlju pijacu\u02ee, na kojoj svake [&hellip;]","og_url":"https:\/\/www.ossaw.at\/becki-kafe-buvljak\/","og_site_name":"\u041eSSAW","article_publisher":"https:\/\/www.facebook.com\/ossaw","article_published_time":"2015-09-15T05:08:39+00:00","article_modified_time":"2015-09-16T20:46:07+00:00","og_image":[{"width":960,"height":405,"url":"https:\/\/www.ossaw.at\/wp-content\/uploads\/2015\/09\/kaffeehausflohmarkt.jpg","type":"image\/jpeg"}],"author":"OSSAW Media","twitter_card":"summary_large_image","twitter_misc":{"Verfasst von":"OSSAW Media","Gesch\u00e4tzte Lesezeit":"1\u00a0Minute"},"schema":{"@context":"https:\/\/schema.org","@graph":[{"@type":"Article","@id":"https:\/\/www.ossaw.at\/becki-kafe-buvljak\/#article","isPartOf":{"@id":"https:\/\/www.ossaw.at\/becki-kafe-buvljak\/"},"author":{"name":"OSSAW Media","@id":"https:\/\/www.ossaw.at\/#\/schema\/person\/5357760e30652fb4eb06c2e2b971017f"},"headline":"Be\u010dki kafe-buvljak!","datePublished":"2015-09-15T05:08:39+00:00","dateModified":"2015-09-16T20:46:07+00:00","mainEntityOfPage":{"@id":"https:\/\/www.ossaw.at\/becki-kafe-buvljak\/"},"wordCount":147,"publisher":{"@id":"https:\/\/www.ossaw.at\/#organization"},"image":{"@id":"https:\/\/www.ossaw.at\/becki-kafe-buvljak\/#primaryimage"},"thumbnailUrl":"https:\/\/www.ossaw.at\/wp-content\/uploads\/2015\/09\/kaffeehausflohmarkt.jpg","articleSection":["\u0412\u0435\u0441\u0442\u0438"],"inLanguage":"de"},{"@type":"WebPage","@id":"https:\/\/www.ossaw.at\/becki-kafe-buvljak\/","url":"https:\/\/www.ossaw.at\/becki-kafe-buvljak\/","name":"Be\u010dki kafe-buvljak! - \u041eSSAW","isPartOf":{"@id":"https:\/\/www.ossaw.at\/#website"},"primaryImageOfPage":{"@id":"https:\/\/www.ossaw.at\/becki-kafe-buvljak\/#primaryimage"},"image":{"@id":"https:\/\/www.ossaw.at\/becki-kafe-buvljak\/#primaryimage"},"thumbnailUrl":"https:\/\/www.ossaw.at\/wp-content\/uploads\/2015\/09\/kaffeehausflohmarkt.jpg","datePublished":"2015-09-15T05:08:39+00:00","dateModified":"2015-09-16T20:46:07+00:00","breadcrumb":{"@id":"https:\/\/www.ossaw.at\/becki-kafe-buvljak\/#breadcrumb"},"inLanguage":"de","potentialAction":[{"@type":"ReadAction","target":["https:\/\/www.ossaw.at\/becki-kafe-buvljak\/"]}]},{"@type":"ImageObject","inLanguage":"de","@id":"https:\/\/www.ossaw.at\/becki-kafe-buvljak\/#primaryimage","url":"https:\/\/www.ossaw.at\/wp-content\/uploads\/2015\/09\/kaffeehausflohmarkt.jpg","contentUrl":"https:\/\/www.ossaw.at\/wp-content\/uploads\/2015\/09\/kaffeehausflohmarkt.jpg","width":960,"height":405},{"@type":"BreadcrumbList","@id":"https:\/\/www.ossaw.at\/becki-kafe-buvljak\/#breadcrumb","itemListElement":[{"@type":"ListItem","position":1,"name":"\u041f\u043e\u0447\u0435\u0442\u043d\u0430","item":"https:\/\/www.ossaw.at\/"},{"@type":"ListItem","position":2,"name":"Be\u010dki kafe-buvljak!"}]},{"@type":"WebSite","@id":"https:\/\/www.ossaw.at\/#website","url":"https:\/\/www.ossaw.at\/","name":"\u041eSSAW","description":"Organisation Serbischer Studenten im Ausland - Wien","publisher":{"@id":"https:\/\/www.ossaw.at\/#organization"},"potentialAction":[{"@type":"SearchAction","target":{"@type":"EntryPoint","urlTemplate":"https:\/\/www.ossaw.at\/?s={search_term_string}"},"query-input":{"@type":"PropertyValueSpecification","valueRequired":true,"valueName":"search_term_string"}}],"inLanguage":"de"},{"@type":"Organization","@id":"https:\/\/www.ossaw.at\/#organization","name":"\u041e\u0441\u0441\u0438 - \u0411\u0435\u0447","url":"https:\/\/www.ossaw.at\/","logo":{"@type":"ImageObject","inLanguage":"de","@id":"https:\/\/www.ossaw.at\/#\/schema\/logo\/image\/","url":"https:\/\/www.ossaw.at\/wp-content\/uploads\/2016\/07\/OSSAW-logo-cirilica-page-001-2.jpg","contentUrl":"https:\/\/www.ossaw.at\/wp-content\/uploads\/2016\/07\/OSSAW-logo-cirilica-page-001-2.jpg","width":1448,"height":1024,"caption":"\u041e\u0441\u0441\u0438 - \u0411\u0435\u0447"},"image":{"@id":"https:\/\/www.ossaw.at\/#\/schema\/logo\/image\/"},"sameAs":["https:\/\/www.facebook.com\/ossaw","https:\/\/www.instagram.com\/ossa_wien\/","https:\/\/www.linkedin.com\/company\/organisation-of-serbian-students-abroad---vienna"]},{"@type":"Person","@id":"https:\/\/www.ossaw.at\/#\/schema\/person\/5357760e30652fb4eb06c2e2b971017f","name":"OSSAW Media","image":{"@type":"ImageObject","inLanguage":"de","@id":"https:\/\/www.ossaw.at\/#\/schema\/person\/image\/","url":"https:\/\/secure.gravatar.com\/avatar\/3be439b9bb8444259b85eb9d68d46ba4?s=96&d=mm&r=pg","contentUrl":"https:\/\/secure.gravatar.com\/avatar\/3be439b9bb8444259b85eb9d68d46ba4?s=96&d=mm&r=pg","caption":"OSSAW Media"},"url":"https:\/\/www.ossaw.at\/de\/author\/official-ossaw\/"}]}},"_links":{"self":[{"href":"https:\/\/www.ossaw.at\/de\/wp-json\/wp\/v2\/posts\/6285"}],"collection":[{"href":"https:\/\/www.ossaw.at\/de\/wp-json\/wp\/v2\/posts"}],"about":[{"href":"https:\/\/www.ossaw.at\/de\/wp-json\/wp\/v2\/types\/post"}],"author":[{"embeddable":true,"href":"https:\/\/www.ossaw.at\/de\/wp-json\/wp\/v2\/users\/25"}],"replies":[{"embeddable":true,"href":"https:\/\/www.ossaw.at\/de\/wp-json\/wp\/v2\/comments?post=6285"}],"version-history":[{"count":0,"href":"https:\/\/www.ossaw.at\/de\/wp-json\/wp\/v2\/posts\/6285\/revisions"}],"wp:featuredmedia":[{"embeddable":true,"href":"https:\/\/www.ossaw.at\/de\/wp-json\/wp\/v2\/media\/6286"}],"wp:attachment":[{"href":"https:\/\/www.ossaw.at\/de\/wp-json\/wp\/v2\/media?parent=6285"}],"wp:term":[{"taxonomy":"category","embeddable":true,"href":"https:\/\/www.ossaw.at\/de\/wp-json\/wp\/v2\/categories?post=6285"},{"taxonomy":"post_tag","embeddable":true,"href":"https:\/\/www.ossaw.at\/de\/wp-json\/wp\/v2\/tags?post=6285"}],"curies":[{"name":"wp","href":"https:\/\/api.w.org\/{rel}","templated":true}]}}