{"id":6288,"date":"2015-09-16T22:44:09","date_gmt":"2015-09-16T20:44:09","guid":{"rendered":"http:\/\/ossaw.at\/?p=6288"},"modified":"2015-09-18T15:46:40","modified_gmt":"2015-09-18T13:46:40","slug":"ekonomija-priblizava-se-nedelja-biznisa-u-becu","status":"publish","type":"post","link":"https:\/\/www.ossaw.at\/de\/ekonomija-priblizava-se-nedelja-biznisa-u-becu\/","title":{"rendered":"Ekonomija: Pribli\u017eava se nedelja biznisa u Be\u010du"},"content":{"rendered":"<p align=\"center\"><b>Ekonomija: Pribli\u017eava se nedelja biznisa u Be\u010du<\/b><\/p>\n<p align=\"center\"><b>\u00a0<\/b><\/p>\n<p align=\"center\"><i>Let\u2019s talk about Business!<\/i><\/p>\n<p>&nbsp;<\/p>\n<p>Ljubitelji ekonomije ima\u0107e jedinstvenu priliku da posete be\u010dku Muzejsku \u010detvrt (<i>Wiener Museumsquartier \u2013 MQ<\/i>), koja \u0107e 28. septembra postati pravo biznis \u017eari\u0161te!<\/p>\n<p><i>Vienna Business Week<\/i> predstavlja platformu koja \u0107e posetiocima omogu\u0107iti da se pove\u017eu sa uspe\u0161nim be\u010dkim privrednicima i sa njima razmenjuju iskustva i ideje.<\/p>\n<p><span style=\"font-family: inherit; font-size: inherit; font-weight: inherit; line-height: 1.6;\">Organizatori \u201eBe\u010dke nedelje biznisa\u02ee, kao i partneri ovog projekta \u2013 mala i velika preduze\u0107a, obrazovne institucije, medijski partneri, sponzori i mnogi drugi, srda\u010dno pozivaju sve zainteresovane da prisustvuju raznovrsnim, uzbudljivim i, pre svega, veoma korisnim de\u0161avanjima.<\/span><\/p>\n<p><span style=\"font-family: inherit; font-size: inherit; font-weight: inherit; line-height: 1.6;\">U programskom delu, kroz radionice, seminare, konferencije i stru\u010dne skupove, posetioci \u0107e mo\u0107i da se upoznaju sa be\u010dkom privredom, steknu prakti\u010dno iskustvo i ostvare vredne kontakte. Veliki broj stru\u010dnjaka iz oblasti ekonomije ohrabri\u0107e prisutne i nau\u010diti ih kako da budu kreativni i nezavisno sprovode svoje ideje.<\/span><\/p>\n<p><span style=\"font-family: inherit; font-size: inherit; font-weight: inherit; line-height: 1.6;\">Sa fokusom na be\u010dkoj privredi, u\u010desnicima \u0107e biti ponu\u0111en pregled ponuda koji pokriva teme kao \u0161to su preduzetni\u0161tvo, <\/span><i style=\"font-family: inherit; font-size: inherit; font-weight: inherit; line-height: 1.6;\">start-up<\/i><span style=\"font-family: inherit; font-size: inherit; font-weight: inherit; line-height: 1.6;\">, finansiranje, promovisanje, upravljanje raznoliko\u0161\u0107u, <\/span><i style=\"font-family: inherit; font-size: inherit; font-weight: inherit; line-height: 1.6;\">consulting<\/i><span style=\"font-family: inherit; font-size: inherit; font-weight: inherit; line-height: 1.6;\">, osiguranje, itd.<\/span><\/p>\n<p><span style=\"font-family: inherit; font-size: inherit; font-weight: inherit; line-height: 1.6;\">Kreativni dijalog izme\u0111u kompanija, partnera i u\u010desnika \u2013 glavni je cilj ovog sedmodnevnog doga\u0111aja!<\/span><\/p>\n<p><b style=\"font-family: inherit; font-size: inherit; line-height: 1.6;\">Datum i vreme<\/b><span style=\"font-family: inherit; font-size: inherit; font-weight: inherit; line-height: 1.6;\">: od 28. septembra do 4. oktobra 2015. \u2502 od 10 do 19\u010d<\/span><\/p>\n<p><b>Mesto<\/b>: <i>Arena 21 \u2013 MuseumsQuartier<\/i>, Museumsplatz 1, 1070 Wien<\/p>\n<p><b>Ulaz<\/b>: besplatan<\/p>\n<p><span style=\"font-family: inherit; font-size: inherit; font-weight: inherit; line-height: 1.6;\">Detaljan program mo\u017eete pogledati na <\/span><a style=\"font-family: inherit; font-size: inherit; font-weight: inherit; line-height: 1.6;\" href=\"http:\/\/www.viennabusinessweek.at\/programm\/\">www.viennabusinessweek.at\/programm\/<\/a><span style=\"font-family: inherit; font-size: inherit; font-weight: inherit; line-height: 1.6;\">, a za vi\u0161e informacija o samom doga\u0111aju posestite <\/span><a style=\"font-family: inherit; font-size: inherit; font-weight: inherit; line-height: 1.6;\" href=\"http:\/\/www.viennabusinessweek.at\/\">www.viennabusinessweek.at<\/a><span style=\"font-family: inherit; font-size: inherit; font-weight: inherit; line-height: 1.6;\">.<\/span><\/p>\n<p><span style=\"font-family: inherit; font-size: inherit; font-weight: inherit; line-height: 1.6;\">Vidimo se!<\/span><\/p>\n<p>Va\u0161 OSSI Be\u010d<\/p>\n","protected":false},"excerpt":{"rendered":"<p>Ekonomija: Pribli\u017eava se nedelja biznisa u Be\u010du \u00a0 Let\u2019s talk about Business! &nbsp; Ljubitelji ekonomije ima\u0107e jedinstvenu priliku da posete be\u010dku Muzejsku \u010detvrt (Wiener Museumsquartier \u2013 MQ), koja \u0107e 28. septembra postati pravo biznis \u017eari\u0161te! Vienna Business Week predstavlja platformu koja \u0107e posetiocima omogu\u0107iti da se pove\u017eu sa uspe\u0161nim be\u010dkim privrednicima i sa njima razmenjuju [&hellip;]<\/p>\n","protected":false},"author":25,"featured_media":6291,"comment_status":"closed","ping_status":"open","sticky":false,"template":"","format":"standard","meta":{"footnotes":""},"categories":[205],"tags":[],"yoast_head":"<!-- This site is optimized with the Yoast SEO plugin v23.5 - https:\/\/yoast.com\/wordpress\/plugins\/seo\/ -->\n<title>Ekonomija: Pribli\u017eava se nedelja biznisa u Be\u010du - \u041eSSAW<\/title>\n<meta name=\"robots\" content=\"index, follow, max-snippet:-1, max-image-preview:large, max-video-preview:-1\" \/>\n<link rel=\"canonical\" href=\"https:\/\/www.ossaw.at\/ekonomija-priblizava-se-nedelja-biznisa-u-becu\/\" \/>\n<meta property=\"og:locale\" content=\"de_DE\" \/>\n<meta property=\"og:type\" content=\"article\" \/>\n<meta property=\"og:title\" content=\"Ekonomija: Pribli\u017eava se nedelja biznisa u Be\u010du - \u041eSSAW\" \/>\n<meta property=\"og:description\" content=\"Ekonomija: Pribli\u017eava se nedelja biznisa u Be\u010du \u00a0 Let\u2019s talk about Business! &nbsp; Ljubitelji ekonomije ima\u0107e jedinstvenu priliku da posete be\u010dku Muzejsku \u010detvrt (Wiener Museumsquartier \u2013 MQ), koja \u0107e 28. septembra postati pravo biznis \u017eari\u0161te! Vienna Business Week predstavlja platformu koja \u0107e posetiocima omogu\u0107iti da se pove\u017eu sa uspe\u0161nim be\u010dkim privrednicima i sa njima razmenjuju [&hellip;]\" \/>\n<meta property=\"og:url\" content=\"https:\/\/www.ossaw.at\/ekonomija-priblizava-se-nedelja-biznisa-u-becu\/\" \/>\n<meta property=\"og:site_name\" content=\"\u041eSSAW\" \/>\n<meta property=\"article:publisher\" content=\"https:\/\/www.facebook.com\/ossaw\" \/>\n<meta property=\"article:published_time\" content=\"2015-09-16T20:44:09+00:00\" \/>\n<meta property=\"article:modified_time\" content=\"2015-09-18T13:46:40+00:00\" \/>\n<meta property=\"og:image\" content=\"https:\/\/www.ossaw.at\/wp-content\/uploads\/2015\/09\/business-plan1.jpg\" \/>\n\t<meta property=\"og:image:width\" content=\"846\" \/>\n\t<meta property=\"og:image:height\" content=\"706\" \/>\n\t<meta property=\"og:image:type\" content=\"image\/jpeg\" \/>\n<meta name=\"author\" content=\"OSSAW Media\" \/>\n<meta name=\"twitter:card\" content=\"summary_large_image\" \/>\n<meta name=\"twitter:label1\" content=\"Verfasst von\" \/>\n\t<meta name=\"twitter:data1\" content=\"OSSAW Media\" \/>\n\t<meta name=\"twitter:label2\" content=\"Gesch\u00e4tzte Lesezeit\" \/>\n\t<meta name=\"twitter:data2\" content=\"1\u00a0Minute\" \/>\n<script type=\"application\/ld+json\" class=\"yoast-schema-graph\">{\"@context\":\"https:\/\/schema.org\",\"@graph\":[{\"@type\":\"Article\",\"@id\":\"https:\/\/www.ossaw.at\/ekonomija-priblizava-se-nedelja-biznisa-u-becu\/#article\",\"isPartOf\":{\"@id\":\"https:\/\/www.ossaw.at\/ekonomija-priblizava-se-nedelja-biznisa-u-becu\/\"},\"author\":{\"name\":\"OSSAW Media\",\"@id\":\"https:\/\/www.ossaw.at\/#\/schema\/person\/5357760e30652fb4eb06c2e2b971017f\"},\"headline\":\"Ekonomija: Pribli\u017eava se nedelja biznisa u Be\u010du\",\"datePublished\":\"2015-09-16T20:44:09+00:00\",\"dateModified\":\"2015-09-18T13:46:40+00:00\",\"mainEntityOfPage\":{\"@id\":\"https:\/\/www.ossaw.at\/ekonomija-priblizava-se-nedelja-biznisa-u-becu\/\"},\"wordCount\":257,\"publisher\":{\"@id\":\"https:\/\/www.ossaw.at\/#organization\"},\"image\":{\"@id\":\"https:\/\/www.ossaw.at\/ekonomija-priblizava-se-nedelja-biznisa-u-becu\/#primaryimage\"},\"thumbnailUrl\":\"https:\/\/www.ossaw.at\/wp-content\/uploads\/2015\/09\/business-plan1.jpg\",\"articleSection\":[\"\u0412\u0435\u0441\u0442\u0438\"],\"inLanguage\":\"de\"},{\"@type\":\"WebPage\",\"@id\":\"https:\/\/www.ossaw.at\/ekonomija-priblizava-se-nedelja-biznisa-u-becu\/\",\"url\":\"https:\/\/www.ossaw.at\/ekonomija-priblizava-se-nedelja-biznisa-u-becu\/\",\"name\":\"Ekonomija: Pribli\u017eava se nedelja biznisa u Be\u010du - \u041eSSAW\",\"isPartOf\":{\"@id\":\"https:\/\/www.ossaw.at\/#website\"},\"primaryImageOfPage\":{\"@id\":\"https:\/\/www.ossaw.at\/ekonomija-priblizava-se-nedelja-biznisa-u-becu\/#primaryimage\"},\"image\":{\"@id\":\"https:\/\/www.ossaw.at\/ekonomija-priblizava-se-nedelja-biznisa-u-becu\/#primaryimage\"},\"thumbnailUrl\":\"https:\/\/www.ossaw.at\/wp-content\/uploads\/2015\/09\/business-plan1.jpg\",\"datePublished\":\"2015-09-16T20:44:09+00:00\",\"dateModified\":\"2015-09-18T13:46:40+00:00\",\"breadcrumb\":{\"@id\":\"https:\/\/www.ossaw.at\/ekonomija-priblizava-se-nedelja-biznisa-u-becu\/#breadcrumb\"},\"inLanguage\":\"de\",\"potentialAction\":[{\"@type\":\"ReadAction\",\"target\":[\"https:\/\/www.ossaw.at\/ekonomija-priblizava-se-nedelja-biznisa-u-becu\/\"]}]},{\"@type\":\"ImageObject\",\"inLanguage\":\"de\",\"@id\":\"https:\/\/www.ossaw.at\/ekonomija-priblizava-se-nedelja-biznisa-u-becu\/#primaryimage\",\"url\":\"https:\/\/www.ossaw.at\/wp-content\/uploads\/2015\/09\/business-plan1.jpg\",\"contentUrl\":\"https:\/\/www.ossaw.at\/wp-content\/uploads\/2015\/09\/business-plan1.jpg\",\"width\":846,\"height\":706},{\"@type\":\"BreadcrumbList\",\"@id\":\"https:\/\/www.ossaw.at\/ekonomija-priblizava-se-nedelja-biznisa-u-becu\/#breadcrumb\",\"itemListElement\":[{\"@type\":\"ListItem\",\"position\":1,\"name\":\"\u041f\u043e\u0447\u0435\u0442\u043d\u0430\",\"item\":\"https:\/\/www.ossaw.at\/\"},{\"@type\":\"ListItem\",\"position\":2,\"name\":\"Ekonomija: Pribli\u017eava se nedelja biznisa u Be\u010du\"}]},{\"@type\":\"WebSite\",\"@id\":\"https:\/\/www.ossaw.at\/#website\",\"url\":\"https:\/\/www.ossaw.at\/\",\"name\":\"\u041eSSAW\",\"description\":\"Organisation Serbischer Studenten im Ausland - Wien\",\"publisher\":{\"@id\":\"https:\/\/www.ossaw.at\/#organization\"},\"potentialAction\":[{\"@type\":\"SearchAction\",\"target\":{\"@type\":\"EntryPoint\",\"urlTemplate\":\"https:\/\/www.ossaw.at\/?s={search_term_string}\"},\"query-input\":{\"@type\":\"PropertyValueSpecification\",\"valueRequired\":true,\"valueName\":\"search_term_string\"}}],\"inLanguage\":\"de\"},{\"@type\":\"Organization\",\"@id\":\"https:\/\/www.ossaw.at\/#organization\",\"name\":\"\u041e\u0441\u0441\u0438 - \u0411\u0435\u0447\",\"url\":\"https:\/\/www.ossaw.at\/\",\"logo\":{\"@type\":\"ImageObject\",\"inLanguage\":\"de\",\"@id\":\"https:\/\/www.ossaw.at\/#\/schema\/logo\/image\/\",\"url\":\"https:\/\/www.ossaw.at\/wp-content\/uploads\/2016\/07\/OSSAW-logo-cirilica-page-001-2.jpg\",\"contentUrl\":\"https:\/\/www.ossaw.at\/wp-content\/uploads\/2016\/07\/OSSAW-logo-cirilica-page-001-2.jpg\",\"width\":1448,\"height\":1024,\"caption\":\"\u041e\u0441\u0441\u0438 - \u0411\u0435\u0447\"},\"image\":{\"@id\":\"https:\/\/www.ossaw.at\/#\/schema\/logo\/image\/\"},\"sameAs\":[\"https:\/\/www.facebook.com\/ossaw\",\"https:\/\/www.instagram.com\/ossa_wien\/\",\"https:\/\/www.linkedin.com\/company\/organisation-of-serbian-students-abroad---vienna\"]},{\"@type\":\"Person\",\"@id\":\"https:\/\/www.ossaw.at\/#\/schema\/person\/5357760e30652fb4eb06c2e2b971017f\",\"name\":\"OSSAW Media\",\"image\":{\"@type\":\"ImageObject\",\"inLanguage\":\"de\",\"@id\":\"https:\/\/www.ossaw.at\/#\/schema\/person\/image\/\",\"url\":\"https:\/\/secure.gravatar.com\/avatar\/3be439b9bb8444259b85eb9d68d46ba4?s=96&d=mm&r=pg\",\"contentUrl\":\"https:\/\/secure.gravatar.com\/avatar\/3be439b9bb8444259b85eb9d68d46ba4?s=96&d=mm&r=pg\",\"caption\":\"OSSAW Media\"},\"url\":\"https:\/\/www.ossaw.at\/de\/author\/official-ossaw\/\"}]}<\/script>\n<!-- \/ Yoast SEO plugin. -->","yoast_head_json":{"title":"Ekonomija: Pribli\u017eava se nedelja biznisa u Be\u010du - \u041eSSAW","robots":{"index":"index","follow":"follow","max-snippet":"max-snippet:-1","max-image-preview":"max-image-preview:large","max-video-preview":"max-video-preview:-1"},"canonical":"https:\/\/www.ossaw.at\/ekonomija-priblizava-se-nedelja-biznisa-u-becu\/","og_locale":"de_DE","og_type":"article","og_title":"Ekonomija: Pribli\u017eava se nedelja biznisa u Be\u010du - \u041eSSAW","og_description":"Ekonomija: Pribli\u017eava se nedelja biznisa u Be\u010du \u00a0 Let\u2019s talk about Business! &nbsp; Ljubitelji ekonomije ima\u0107e jedinstvenu priliku da posete be\u010dku Muzejsku \u010detvrt (Wiener Museumsquartier \u2013 MQ), koja \u0107e 28. septembra postati pravo biznis \u017eari\u0161te! Vienna Business Week predstavlja platformu koja \u0107e posetiocima omogu\u0107iti da se pove\u017eu sa uspe\u0161nim be\u010dkim privrednicima i sa njima razmenjuju [&hellip;]","og_url":"https:\/\/www.ossaw.at\/ekonomija-priblizava-se-nedelja-biznisa-u-becu\/","og_site_name":"\u041eSSAW","article_publisher":"https:\/\/www.facebook.com\/ossaw","article_published_time":"2015-09-16T20:44:09+00:00","article_modified_time":"2015-09-18T13:46:40+00:00","og_image":[{"width":846,"height":706,"url":"https:\/\/www.ossaw.at\/wp-content\/uploads\/2015\/09\/business-plan1.jpg","type":"image\/jpeg"}],"author":"OSSAW Media","twitter_card":"summary_large_image","twitter_misc":{"Verfasst von":"OSSAW Media","Gesch\u00e4tzte Lesezeit":"1\u00a0Minute"},"schema":{"@context":"https:\/\/schema.org","@graph":[{"@type":"Article","@id":"https:\/\/www.ossaw.at\/ekonomija-priblizava-se-nedelja-biznisa-u-becu\/#article","isPartOf":{"@id":"https:\/\/www.ossaw.at\/ekonomija-priblizava-se-nedelja-biznisa-u-becu\/"},"author":{"name":"OSSAW Media","@id":"https:\/\/www.ossaw.at\/#\/schema\/person\/5357760e30652fb4eb06c2e2b971017f"},"headline":"Ekonomija: Pribli\u017eava se nedelja biznisa u Be\u010du","datePublished":"2015-09-16T20:44:09+00:00","dateModified":"2015-09-18T13:46:40+00:00","mainEntityOfPage":{"@id":"https:\/\/www.ossaw.at\/ekonomija-priblizava-se-nedelja-biznisa-u-becu\/"},"wordCount":257,"publisher":{"@id":"https:\/\/www.ossaw.at\/#organization"},"image":{"@id":"https:\/\/www.ossaw.at\/ekonomija-priblizava-se-nedelja-biznisa-u-becu\/#primaryimage"},"thumbnailUrl":"https:\/\/www.ossaw.at\/wp-content\/uploads\/2015\/09\/business-plan1.jpg","articleSection":["\u0412\u0435\u0441\u0442\u0438"],"inLanguage":"de"},{"@type":"WebPage","@id":"https:\/\/www.ossaw.at\/ekonomija-priblizava-se-nedelja-biznisa-u-becu\/","url":"https:\/\/www.ossaw.at\/ekonomija-priblizava-se-nedelja-biznisa-u-becu\/","name":"Ekonomija: Pribli\u017eava se nedelja biznisa u Be\u010du - \u041eSSAW","isPartOf":{"@id":"https:\/\/www.ossaw.at\/#website"},"primaryImageOfPage":{"@id":"https:\/\/www.ossaw.at\/ekonomija-priblizava-se-nedelja-biznisa-u-becu\/#primaryimage"},"image":{"@id":"https:\/\/www.ossaw.at\/ekonomija-priblizava-se-nedelja-biznisa-u-becu\/#primaryimage"},"thumbnailUrl":"https:\/\/www.ossaw.at\/wp-content\/uploads\/2015\/09\/business-plan1.jpg","datePublished":"2015-09-16T20:44:09+00:00","dateModified":"2015-09-18T13:46:40+00:00","breadcrumb":{"@id":"https:\/\/www.ossaw.at\/ekonomija-priblizava-se-nedelja-biznisa-u-becu\/#breadcrumb"},"inLanguage":"de","potentialAction":[{"@type":"ReadAction","target":["https:\/\/www.ossaw.at\/ekonomija-priblizava-se-nedelja-biznisa-u-becu\/"]}]},{"@type":"ImageObject","inLanguage":"de","@id":"https:\/\/www.ossaw.at\/ekonomija-priblizava-se-nedelja-biznisa-u-becu\/#primaryimage","url":"https:\/\/www.ossaw.at\/wp-content\/uploads\/2015\/09\/business-plan1.jpg","contentUrl":"https:\/\/www.ossaw.at\/wp-content\/uploads\/2015\/09\/business-plan1.jpg","width":846,"height":706},{"@type":"BreadcrumbList","@id":"https:\/\/www.ossaw.at\/ekonomija-priblizava-se-nedelja-biznisa-u-becu\/#breadcrumb","itemListElement":[{"@type":"ListItem","position":1,"name":"\u041f\u043e\u0447\u0435\u0442\u043d\u0430","item":"https:\/\/www.ossaw.at\/"},{"@type":"ListItem","position":2,"name":"Ekonomija: Pribli\u017eava se nedelja biznisa u Be\u010du"}]},{"@type":"WebSite","@id":"https:\/\/www.ossaw.at\/#website","url":"https:\/\/www.ossaw.at\/","name":"\u041eSSAW","description":"Organisation Serbischer Studenten im Ausland - Wien","publisher":{"@id":"https:\/\/www.ossaw.at\/#organization"},"potentialAction":[{"@type":"SearchAction","target":{"@type":"EntryPoint","urlTemplate":"https:\/\/www.ossaw.at\/?s={search_term_string}"},"query-input":{"@type":"PropertyValueSpecification","valueRequired":true,"valueName":"search_term_string"}}],"inLanguage":"de"},{"@type":"Organization","@id":"https:\/\/www.ossaw.at\/#organization","name":"\u041e\u0441\u0441\u0438 - \u0411\u0435\u0447","url":"https:\/\/www.ossaw.at\/","logo":{"@type":"ImageObject","inLanguage":"de","@id":"https:\/\/www.ossaw.at\/#\/schema\/logo\/image\/","url":"https:\/\/www.ossaw.at\/wp-content\/uploads\/2016\/07\/OSSAW-logo-cirilica-page-001-2.jpg","contentUrl":"https:\/\/www.ossaw.at\/wp-content\/uploads\/2016\/07\/OSSAW-logo-cirilica-page-001-2.jpg","width":1448,"height":1024,"caption":"\u041e\u0441\u0441\u0438 - \u0411\u0435\u0447"},"image":{"@id":"https:\/\/www.ossaw.at\/#\/schema\/logo\/image\/"},"sameAs":["https:\/\/www.facebook.com\/ossaw","https:\/\/www.instagram.com\/ossa_wien\/","https:\/\/www.linkedin.com\/company\/organisation-of-serbian-students-abroad---vienna"]},{"@type":"Person","@id":"https:\/\/www.ossaw.at\/#\/schema\/person\/5357760e30652fb4eb06c2e2b971017f","name":"OSSAW Media","image":{"@type":"ImageObject","inLanguage":"de","@id":"https:\/\/www.ossaw.at\/#\/schema\/person\/image\/","url":"https:\/\/secure.gravatar.com\/avatar\/3be439b9bb8444259b85eb9d68d46ba4?s=96&d=mm&r=pg","contentUrl":"https:\/\/secure.gravatar.com\/avatar\/3be439b9bb8444259b85eb9d68d46ba4?s=96&d=mm&r=pg","caption":"OSSAW Media"},"url":"https:\/\/www.ossaw.at\/de\/author\/official-ossaw\/"}]}},"_links":{"self":[{"href":"https:\/\/www.ossaw.at\/de\/wp-json\/wp\/v2\/posts\/6288"}],"collection":[{"href":"https:\/\/www.ossaw.at\/de\/wp-json\/wp\/v2\/posts"}],"about":[{"href":"https:\/\/www.ossaw.at\/de\/wp-json\/wp\/v2\/types\/post"}],"author":[{"embeddable":true,"href":"https:\/\/www.ossaw.at\/de\/wp-json\/wp\/v2\/users\/25"}],"replies":[{"embeddable":true,"href":"https:\/\/www.ossaw.at\/de\/wp-json\/wp\/v2\/comments?post=6288"}],"version-history":[{"count":0,"href":"https:\/\/www.ossaw.at\/de\/wp-json\/wp\/v2\/posts\/6288\/revisions"}],"wp:featuredmedia":[{"embeddable":true,"href":"https:\/\/www.ossaw.at\/de\/wp-json\/wp\/v2\/media\/6291"}],"wp:attachment":[{"href":"https:\/\/www.ossaw.at\/de\/wp-json\/wp\/v2\/media?parent=6288"}],"wp:term":[{"taxonomy":"category","embeddable":true,"href":"https:\/\/www.ossaw.at\/de\/wp-json\/wp\/v2\/categories?post=6288"},{"taxonomy":"post_tag","embeddable":true,"href":"https:\/\/www.ossaw.at\/de\/wp-json\/wp\/v2\/tags?post=6288"}],"curies":[{"name":"wp","href":"https:\/\/api.w.org\/{rel}","templated":true}]}}