{"id":6314,"date":"2015-10-08T13:22:13","date_gmt":"2015-10-08T11:22:13","guid":{"rendered":"http:\/\/ossaw.at\/?p=6314"},"modified":"2015-10-08T13:22:40","modified_gmt":"2015-10-08T11:22:40","slug":"beum-2015-mladi-lideri-iz-celog-sveta-simulirace-rad-institucija-evropske-unije","status":"publish","type":"post","link":"https:\/\/www.ossaw.at\/de\/beum-2015-mladi-lideri-iz-celog-sveta-simulirace-rad-institucija-evropske-unije\/","title":{"rendered":"BEUM 2015:  Mladi lideri iz celog sveta simulira\u0107e rad institucija Evropske unije"},"content":{"rendered":"<p align=\"center\"><b>BEUM 2015: <\/b><\/p>\n<p align=\"center\"><b>Mladi lideri iz celog sveta simulira\u0107e rad institucija Evropske unije<\/b><\/p>\n<p align=\"center\"><b>\u00a0<\/b><\/p>\n<p>Dragi be\u010dki OSSIjevci,<\/p>\n<p>Podse\u0107amo vas da \u0107e se od 11. do 15. novembra 2015. godine, po peti put odr\u017eati konferencija \u201e<i>Beogradski model Evropske unije \u2013 BEUM 2015<\/i>\u02ee. Vi\u0161e od 300 mladih lidera iz celog sveta ima\u0107e priliku da diskutuje o najaktuelnijim pitanjima i temama sa kojima se susre\u0107e Evropska unija.<\/p>\n<p>Studenti \u0107e na predstoje\u0107oj konferenciji simulirati rad organa Evropske unije i to: Evropskog parlamenta, Saveta Evropske unije, Evropskog saveta i Evropskog suda pravde.<\/p>\n<p>U\u010desnici \u0107e, u ulogama ministara, poslanika, sudija, lobista i novinara, simulirati procese dono\u0161enja odluka i zakona.<\/p>\n<p>Planirana je i rasprava o trenutnoj izbegli\u010dkoj krizi na Mediteranu, a u\u010desnici u Evropskom parlamentu i Savetu Evropske unije donosi\u0107e amandmane na dva zakonska predloga: Direktivi o ograni\u010davanju kultivacije genetski modifikovanih organizama u EU i Regulativi o uspostavljanju Evropskog fonda za strate\u0161ke investicije.<\/p>\n<p>Slu\u010dajem arbitra\u017ee izme\u0111u Evropske komisije i Gugla, u vezi sa monopolskim polo\u017eajem na evropskom tr\u017ei\u0161tu, bavi\u0107e se u\u010desnici koji \u0107e simulirati rad Evropskog suda.<\/p>\n<p>Cilj simulacije jeste da se doma\u0107i studenti pove\u017eu sa kolegama iz celog sveta i, kroz debate na engleskom jeziku, nau\u010de na koji na\u010din funkcioni\u0161u institucije Evropske unije i kako se odvija proces dono\u0161enja odluka u okviru nje. Na ovaj na\u010din, studentima se ukazuje prilika da steknu ne samo prakti\u010dno znanje o Evropskoj uniji, ve\u0107 i da razviju brojne li\u010dne ve\u0161tine i ostvare zna\u010dajne kontakte.<\/p>\n<p>Konferencija ovogodi\u0161njeg BEUM-a, odr\u017ea\u010de se u prostorijama Narodne skup\u0161tine Republike Srbije.<\/p>\n<p>Ovaj projekat podr\u017eali su grad Beograd, Narodna skup\u0161tina Republike Srbije, Turisti\u010dka organizacija Srbije i mnogi drugi.<\/p>\n<p>Pridru\u017eite nam se na ovom edukativnom doga\u0111aju koji je od izuzetne va\u017enosti za sve mlade lidere. Upoznajmo se sa radom institucija Evropske unije na jedan veoma zanimljiv i koristan na\u010din!<\/p>\n<p>Prijave se obavljaju na zvani\u010dnom sajtu Beogradskog modela Evropske unije <a href=\"http:\/\/www.belgrade-meu.org\/\">www.belgrade-meu.org<\/a>, a rok za slanje otvoren je do nedelje, 11. oktobra, stoga budite brzi i rezervi\u0161ite svoje mesto na konferenciji ve\u0107 danas!<\/p>\n<p>&nbsp;<\/p>\n<p align=\"right\">Vidimo se!<\/p>\n<p align=\"right\">Va\u0161 OSSI Be\u010d<\/p>\n<p>&nbsp;<\/p>\n<p>&nbsp;<\/p>\n","protected":false},"excerpt":{"rendered":"<p>BEUM 2015: Mladi lideri iz celog sveta simulira\u0107e rad institucija Evropske unije \u00a0 Dragi be\u010dki OSSIjevci, Podse\u0107amo vas da \u0107e se od 11. do 15. novembra 2015. godine, po peti put odr\u017eati konferencija \u201eBeogradski model Evropske unije \u2013 BEUM 2015\u02ee. Vi\u0161e od 300 mladih lidera iz celog sveta ima\u0107e priliku da diskutuje o najaktuelnijim pitanjima [&hellip;]<\/p>\n","protected":false},"author":25,"featured_media":6315,"comment_status":"closed","ping_status":"closed","sticky":false,"template":"","format":"standard","meta":{"footnotes":""},"categories":[205],"tags":[],"yoast_head":"<!-- This site is optimized with the Yoast SEO plugin v23.5 - https:\/\/yoast.com\/wordpress\/plugins\/seo\/ -->\n<title>BEUM 2015: Mladi lideri iz celog sveta simulira\u0107e rad institucija Evropske unije - \u041eSSAW<\/title>\n<meta name=\"robots\" content=\"index, follow, max-snippet:-1, max-image-preview:large, max-video-preview:-1\" \/>\n<link rel=\"canonical\" href=\"https:\/\/www.ossaw.at\/de\/beum-2015-mladi-lideri-iz-celog-sveta-simulirace-rad-institucija-evropske-unije\/\" \/>\n<meta property=\"og:locale\" content=\"de_DE\" \/>\n<meta property=\"og:type\" content=\"article\" \/>\n<meta property=\"og:title\" content=\"BEUM 2015: Mladi lideri iz celog sveta simulira\u0107e rad institucija Evropske unije - \u041eSSAW\" \/>\n<meta property=\"og:description\" content=\"BEUM 2015: Mladi lideri iz celog sveta simulira\u0107e rad institucija Evropske unije \u00a0 Dragi be\u010dki OSSIjevci, Podse\u0107amo vas da \u0107e se od 11. do 15. novembra 2015. godine, po peti put odr\u017eati konferencija \u201eBeogradski model Evropske unije \u2013 BEUM 2015\u02ee. Vi\u0161e od 300 mladih lidera iz celog sveta ima\u0107e priliku da diskutuje o najaktuelnijim pitanjima [&hellip;]\" \/>\n<meta property=\"og:url\" content=\"https:\/\/www.ossaw.at\/de\/beum-2015-mladi-lideri-iz-celog-sveta-simulirace-rad-institucija-evropske-unije\/\" \/>\n<meta property=\"og:site_name\" content=\"\u041eSSAW\" \/>\n<meta property=\"article:publisher\" content=\"https:\/\/www.facebook.com\/ossaw\" \/>\n<meta property=\"article:published_time\" content=\"2015-10-08T11:22:13+00:00\" \/>\n<meta property=\"article:modified_time\" content=\"2015-10-08T11:22:40+00:00\" \/>\n<meta property=\"og:image\" content=\"https:\/\/www.ossaw.at\/wp-content\/uploads\/2015\/10\/Belgrade-Model-European-Union-2015.png\" \/>\n\t<meta property=\"og:image:width\" content=\"500\" \/>\n\t<meta property=\"og:image:height\" content=\"319\" \/>\n\t<meta property=\"og:image:type\" content=\"image\/png\" \/>\n<meta name=\"author\" content=\"OSSAW Media\" \/>\n<meta name=\"twitter:card\" content=\"summary_large_image\" \/>\n<meta name=\"twitter:label1\" content=\"Verfasst von\" \/>\n\t<meta name=\"twitter:data1\" content=\"OSSAW Media\" \/>\n\t<meta name=\"twitter:label2\" content=\"Gesch\u00e4tzte Lesezeit\" \/>\n\t<meta name=\"twitter:data2\" content=\"2\u00a0Minuten\" \/>\n<script type=\"application\/ld+json\" class=\"yoast-schema-graph\">{\"@context\":\"https:\/\/schema.org\",\"@graph\":[{\"@type\":\"Article\",\"@id\":\"https:\/\/www.ossaw.at\/de\/beum-2015-mladi-lideri-iz-celog-sveta-simulirace-rad-institucija-evropske-unije\/#article\",\"isPartOf\":{\"@id\":\"https:\/\/www.ossaw.at\/de\/beum-2015-mladi-lideri-iz-celog-sveta-simulirace-rad-institucija-evropske-unije\/\"},\"author\":{\"name\":\"OSSAW Media\",\"@id\":\"https:\/\/www.ossaw.at\/#\/schema\/person\/5357760e30652fb4eb06c2e2b971017f\"},\"headline\":\"BEUM 2015: Mladi lideri iz celog sveta simulira\u0107e rad institucija Evropske unije\",\"datePublished\":\"2015-10-08T11:22:13+00:00\",\"dateModified\":\"2015-10-08T11:22:40+00:00\",\"mainEntityOfPage\":{\"@id\":\"https:\/\/www.ossaw.at\/de\/beum-2015-mladi-lideri-iz-celog-sveta-simulirace-rad-institucija-evropske-unije\/\"},\"wordCount\":382,\"publisher\":{\"@id\":\"https:\/\/www.ossaw.at\/#organization\"},\"image\":{\"@id\":\"https:\/\/www.ossaw.at\/de\/beum-2015-mladi-lideri-iz-celog-sveta-simulirace-rad-institucija-evropske-unije\/#primaryimage\"},\"thumbnailUrl\":\"https:\/\/www.ossaw.at\/wp-content\/uploads\/2015\/10\/Belgrade-Model-European-Union-2015.png\",\"articleSection\":[\"\u0412\u0435\u0441\u0442\u0438\"],\"inLanguage\":\"de\"},{\"@type\":\"WebPage\",\"@id\":\"https:\/\/www.ossaw.at\/de\/beum-2015-mladi-lideri-iz-celog-sveta-simulirace-rad-institucija-evropske-unije\/\",\"url\":\"https:\/\/www.ossaw.at\/de\/beum-2015-mladi-lideri-iz-celog-sveta-simulirace-rad-institucija-evropske-unije\/\",\"name\":\"BEUM 2015: Mladi lideri iz celog sveta simulira\u0107e rad institucija Evropske unije - \u041eSSAW\",\"isPartOf\":{\"@id\":\"https:\/\/www.ossaw.at\/#website\"},\"primaryImageOfPage\":{\"@id\":\"https:\/\/www.ossaw.at\/de\/beum-2015-mladi-lideri-iz-celog-sveta-simulirace-rad-institucija-evropske-unije\/#primaryimage\"},\"image\":{\"@id\":\"https:\/\/www.ossaw.at\/de\/beum-2015-mladi-lideri-iz-celog-sveta-simulirace-rad-institucija-evropske-unije\/#primaryimage\"},\"thumbnailUrl\":\"https:\/\/www.ossaw.at\/wp-content\/uploads\/2015\/10\/Belgrade-Model-European-Union-2015.png\",\"datePublished\":\"2015-10-08T11:22:13+00:00\",\"dateModified\":\"2015-10-08T11:22:40+00:00\",\"breadcrumb\":{\"@id\":\"https:\/\/www.ossaw.at\/de\/beum-2015-mladi-lideri-iz-celog-sveta-simulirace-rad-institucija-evropske-unije\/#breadcrumb\"},\"inLanguage\":\"de\",\"potentialAction\":[{\"@type\":\"ReadAction\",\"target\":[\"https:\/\/www.ossaw.at\/de\/beum-2015-mladi-lideri-iz-celog-sveta-simulirace-rad-institucija-evropske-unije\/\"]}]},{\"@type\":\"ImageObject\",\"inLanguage\":\"de\",\"@id\":\"https:\/\/www.ossaw.at\/de\/beum-2015-mladi-lideri-iz-celog-sveta-simulirace-rad-institucija-evropske-unije\/#primaryimage\",\"url\":\"https:\/\/www.ossaw.at\/wp-content\/uploads\/2015\/10\/Belgrade-Model-European-Union-2015.png\",\"contentUrl\":\"https:\/\/www.ossaw.at\/wp-content\/uploads\/2015\/10\/Belgrade-Model-European-Union-2015.png\",\"width\":500,\"height\":319},{\"@type\":\"BreadcrumbList\",\"@id\":\"https:\/\/www.ossaw.at\/de\/beum-2015-mladi-lideri-iz-celog-sveta-simulirace-rad-institucija-evropske-unije\/#breadcrumb\",\"itemListElement\":[{\"@type\":\"ListItem\",\"position\":1,\"name\":\"\u041f\u043e\u0447\u0435\u0442\u043d\u0430\",\"item\":\"https:\/\/www.ossaw.at\/\"},{\"@type\":\"ListItem\",\"position\":2,\"name\":\"BEUM 2015: Mladi lideri iz celog sveta simulira\u0107e rad institucija Evropske unije\"}]},{\"@type\":\"WebSite\",\"@id\":\"https:\/\/www.ossaw.at\/#website\",\"url\":\"https:\/\/www.ossaw.at\/\",\"name\":\"\u041eSSAW\",\"description\":\"Organisation Serbischer Studenten im Ausland - Wien\",\"publisher\":{\"@id\":\"https:\/\/www.ossaw.at\/#organization\"},\"potentialAction\":[{\"@type\":\"SearchAction\",\"target\":{\"@type\":\"EntryPoint\",\"urlTemplate\":\"https:\/\/www.ossaw.at\/?s={search_term_string}\"},\"query-input\":{\"@type\":\"PropertyValueSpecification\",\"valueRequired\":true,\"valueName\":\"search_term_string\"}}],\"inLanguage\":\"de\"},{\"@type\":\"Organization\",\"@id\":\"https:\/\/www.ossaw.at\/#organization\",\"name\":\"\u041e\u0441\u0441\u0438 - \u0411\u0435\u0447\",\"url\":\"https:\/\/www.ossaw.at\/\",\"logo\":{\"@type\":\"ImageObject\",\"inLanguage\":\"de\",\"@id\":\"https:\/\/www.ossaw.at\/#\/schema\/logo\/image\/\",\"url\":\"https:\/\/www.ossaw.at\/wp-content\/uploads\/2016\/07\/OSSAW-logo-cirilica-page-001-2.jpg\",\"contentUrl\":\"https:\/\/www.ossaw.at\/wp-content\/uploads\/2016\/07\/OSSAW-logo-cirilica-page-001-2.jpg\",\"width\":1448,\"height\":1024,\"caption\":\"\u041e\u0441\u0441\u0438 - \u0411\u0435\u0447\"},\"image\":{\"@id\":\"https:\/\/www.ossaw.at\/#\/schema\/logo\/image\/\"},\"sameAs\":[\"https:\/\/www.facebook.com\/ossaw\",\"https:\/\/www.instagram.com\/ossa_wien\/\",\"https:\/\/www.linkedin.com\/company\/organisation-of-serbian-students-abroad---vienna\"]},{\"@type\":\"Person\",\"@id\":\"https:\/\/www.ossaw.at\/#\/schema\/person\/5357760e30652fb4eb06c2e2b971017f\",\"name\":\"OSSAW Media\",\"image\":{\"@type\":\"ImageObject\",\"inLanguage\":\"de\",\"@id\":\"https:\/\/www.ossaw.at\/#\/schema\/person\/image\/\",\"url\":\"https:\/\/secure.gravatar.com\/avatar\/3be439b9bb8444259b85eb9d68d46ba4?s=96&d=mm&r=pg\",\"contentUrl\":\"https:\/\/secure.gravatar.com\/avatar\/3be439b9bb8444259b85eb9d68d46ba4?s=96&d=mm&r=pg\",\"caption\":\"OSSAW Media\"},\"url\":\"https:\/\/www.ossaw.at\/de\/author\/official-ossaw\/\"}]}<\/script>\n<!-- \/ Yoast SEO plugin. -->","yoast_head_json":{"title":"BEUM 2015: Mladi lideri iz celog sveta simulira\u0107e rad institucija Evropske unije - \u041eSSAW","robots":{"index":"index","follow":"follow","max-snippet":"max-snippet:-1","max-image-preview":"max-image-preview:large","max-video-preview":"max-video-preview:-1"},"canonical":"https:\/\/www.ossaw.at\/de\/beum-2015-mladi-lideri-iz-celog-sveta-simulirace-rad-institucija-evropske-unije\/","og_locale":"de_DE","og_type":"article","og_title":"BEUM 2015: Mladi lideri iz celog sveta simulira\u0107e rad institucija Evropske unije - \u041eSSAW","og_description":"BEUM 2015: Mladi lideri iz celog sveta simulira\u0107e rad institucija Evropske unije \u00a0 Dragi be\u010dki OSSIjevci, Podse\u0107amo vas da \u0107e se od 11. do 15. novembra 2015. godine, po peti put odr\u017eati konferencija \u201eBeogradski model Evropske unije \u2013 BEUM 2015\u02ee. Vi\u0161e od 300 mladih lidera iz celog sveta ima\u0107e priliku da diskutuje o najaktuelnijim pitanjima [&hellip;]","og_url":"https:\/\/www.ossaw.at\/de\/beum-2015-mladi-lideri-iz-celog-sveta-simulirace-rad-institucija-evropske-unije\/","og_site_name":"\u041eSSAW","article_publisher":"https:\/\/www.facebook.com\/ossaw","article_published_time":"2015-10-08T11:22:13+00:00","article_modified_time":"2015-10-08T11:22:40+00:00","og_image":[{"width":500,"height":319,"url":"https:\/\/www.ossaw.at\/wp-content\/uploads\/2015\/10\/Belgrade-Model-European-Union-2015.png","type":"image\/png"}],"author":"OSSAW Media","twitter_card":"summary_large_image","twitter_misc":{"Verfasst von":"OSSAW Media","Gesch\u00e4tzte Lesezeit":"2\u00a0Minuten"},"schema":{"@context":"https:\/\/schema.org","@graph":[{"@type":"Article","@id":"https:\/\/www.ossaw.at\/de\/beum-2015-mladi-lideri-iz-celog-sveta-simulirace-rad-institucija-evropske-unije\/#article","isPartOf":{"@id":"https:\/\/www.ossaw.at\/de\/beum-2015-mladi-lideri-iz-celog-sveta-simulirace-rad-institucija-evropske-unije\/"},"author":{"name":"OSSAW Media","@id":"https:\/\/www.ossaw.at\/#\/schema\/person\/5357760e30652fb4eb06c2e2b971017f"},"headline":"BEUM 2015: Mladi lideri iz celog sveta simulira\u0107e rad institucija Evropske unije","datePublished":"2015-10-08T11:22:13+00:00","dateModified":"2015-10-08T11:22:40+00:00","mainEntityOfPage":{"@id":"https:\/\/www.ossaw.at\/de\/beum-2015-mladi-lideri-iz-celog-sveta-simulirace-rad-institucija-evropske-unije\/"},"wordCount":382,"publisher":{"@id":"https:\/\/www.ossaw.at\/#organization"},"image":{"@id":"https:\/\/www.ossaw.at\/de\/beum-2015-mladi-lideri-iz-celog-sveta-simulirace-rad-institucija-evropske-unije\/#primaryimage"},"thumbnailUrl":"https:\/\/www.ossaw.at\/wp-content\/uploads\/2015\/10\/Belgrade-Model-European-Union-2015.png","articleSection":["\u0412\u0435\u0441\u0442\u0438"],"inLanguage":"de"},{"@type":"WebPage","@id":"https:\/\/www.ossaw.at\/de\/beum-2015-mladi-lideri-iz-celog-sveta-simulirace-rad-institucija-evropske-unije\/","url":"https:\/\/www.ossaw.at\/de\/beum-2015-mladi-lideri-iz-celog-sveta-simulirace-rad-institucija-evropske-unije\/","name":"BEUM 2015: Mladi lideri iz celog sveta simulira\u0107e rad institucija Evropske unije - \u041eSSAW","isPartOf":{"@id":"https:\/\/www.ossaw.at\/#website"},"primaryImageOfPage":{"@id":"https:\/\/www.ossaw.at\/de\/beum-2015-mladi-lideri-iz-celog-sveta-simulirace-rad-institucija-evropske-unije\/#primaryimage"},"image":{"@id":"https:\/\/www.ossaw.at\/de\/beum-2015-mladi-lideri-iz-celog-sveta-simulirace-rad-institucija-evropske-unije\/#primaryimage"},"thumbnailUrl":"https:\/\/www.ossaw.at\/wp-content\/uploads\/2015\/10\/Belgrade-Model-European-Union-2015.png","datePublished":"2015-10-08T11:22:13+00:00","dateModified":"2015-10-08T11:22:40+00:00","breadcrumb":{"@id":"https:\/\/www.ossaw.at\/de\/beum-2015-mladi-lideri-iz-celog-sveta-simulirace-rad-institucija-evropske-unije\/#breadcrumb"},"inLanguage":"de","potentialAction":[{"@type":"ReadAction","target":["https:\/\/www.ossaw.at\/de\/beum-2015-mladi-lideri-iz-celog-sveta-simulirace-rad-institucija-evropske-unije\/"]}]},{"@type":"ImageObject","inLanguage":"de","@id":"https:\/\/www.ossaw.at\/de\/beum-2015-mladi-lideri-iz-celog-sveta-simulirace-rad-institucija-evropske-unije\/#primaryimage","url":"https:\/\/www.ossaw.at\/wp-content\/uploads\/2015\/10\/Belgrade-Model-European-Union-2015.png","contentUrl":"https:\/\/www.ossaw.at\/wp-content\/uploads\/2015\/10\/Belgrade-Model-European-Union-2015.png","width":500,"height":319},{"@type":"BreadcrumbList","@id":"https:\/\/www.ossaw.at\/de\/beum-2015-mladi-lideri-iz-celog-sveta-simulirace-rad-institucija-evropske-unije\/#breadcrumb","itemListElement":[{"@type":"ListItem","position":1,"name":"\u041f\u043e\u0447\u0435\u0442\u043d\u0430","item":"https:\/\/www.ossaw.at\/"},{"@type":"ListItem","position":2,"name":"BEUM 2015: Mladi lideri iz celog sveta simulira\u0107e rad institucija Evropske unije"}]},{"@type":"WebSite","@id":"https:\/\/www.ossaw.at\/#website","url":"https:\/\/www.ossaw.at\/","name":"\u041eSSAW","description":"Organisation Serbischer Studenten im Ausland - Wien","publisher":{"@id":"https:\/\/www.ossaw.at\/#organization"},"potentialAction":[{"@type":"SearchAction","target":{"@type":"EntryPoint","urlTemplate":"https:\/\/www.ossaw.at\/?s={search_term_string}"},"query-input":{"@type":"PropertyValueSpecification","valueRequired":true,"valueName":"search_term_string"}}],"inLanguage":"de"},{"@type":"Organization","@id":"https:\/\/www.ossaw.at\/#organization","name":"\u041e\u0441\u0441\u0438 - \u0411\u0435\u0447","url":"https:\/\/www.ossaw.at\/","logo":{"@type":"ImageObject","inLanguage":"de","@id":"https:\/\/www.ossaw.at\/#\/schema\/logo\/image\/","url":"https:\/\/www.ossaw.at\/wp-content\/uploads\/2016\/07\/OSSAW-logo-cirilica-page-001-2.jpg","contentUrl":"https:\/\/www.ossaw.at\/wp-content\/uploads\/2016\/07\/OSSAW-logo-cirilica-page-001-2.jpg","width":1448,"height":1024,"caption":"\u041e\u0441\u0441\u0438 - \u0411\u0435\u0447"},"image":{"@id":"https:\/\/www.ossaw.at\/#\/schema\/logo\/image\/"},"sameAs":["https:\/\/www.facebook.com\/ossaw","https:\/\/www.instagram.com\/ossa_wien\/","https:\/\/www.linkedin.com\/company\/organisation-of-serbian-students-abroad---vienna"]},{"@type":"Person","@id":"https:\/\/www.ossaw.at\/#\/schema\/person\/5357760e30652fb4eb06c2e2b971017f","name":"OSSAW Media","image":{"@type":"ImageObject","inLanguage":"de","@id":"https:\/\/www.ossaw.at\/#\/schema\/person\/image\/","url":"https:\/\/secure.gravatar.com\/avatar\/3be439b9bb8444259b85eb9d68d46ba4?s=96&d=mm&r=pg","contentUrl":"https:\/\/secure.gravatar.com\/avatar\/3be439b9bb8444259b85eb9d68d46ba4?s=96&d=mm&r=pg","caption":"OSSAW Media"},"url":"https:\/\/www.ossaw.at\/de\/author\/official-ossaw\/"}]}},"_links":{"self":[{"href":"https:\/\/www.ossaw.at\/de\/wp-json\/wp\/v2\/posts\/6314"}],"collection":[{"href":"https:\/\/www.ossaw.at\/de\/wp-json\/wp\/v2\/posts"}],"about":[{"href":"https:\/\/www.ossaw.at\/de\/wp-json\/wp\/v2\/types\/post"}],"author":[{"embeddable":true,"href":"https:\/\/www.ossaw.at\/de\/wp-json\/wp\/v2\/users\/25"}],"replies":[{"embeddable":true,"href":"https:\/\/www.ossaw.at\/de\/wp-json\/wp\/v2\/comments?post=6314"}],"version-history":[{"count":0,"href":"https:\/\/www.ossaw.at\/de\/wp-json\/wp\/v2\/posts\/6314\/revisions"}],"wp:featuredmedia":[{"embeddable":true,"href":"https:\/\/www.ossaw.at\/de\/wp-json\/wp\/v2\/media\/6315"}],"wp:attachment":[{"href":"https:\/\/www.ossaw.at\/de\/wp-json\/wp\/v2\/media?parent=6314"}],"wp:term":[{"taxonomy":"category","embeddable":true,"href":"https:\/\/www.ossaw.at\/de\/wp-json\/wp\/v2\/categories?post=6314"},{"taxonomy":"post_tag","embeddable":true,"href":"https:\/\/www.ossaw.at\/de\/wp-json\/wp\/v2\/tags?post=6314"}],"curies":[{"name":"wp","href":"https:\/\/api.w.org\/{rel}","templated":true}]}}