{"id":6336,"date":"2015-10-19T21:00:12","date_gmt":"2015-10-19T19:00:12","guid":{"rendered":"http:\/\/ossaw.at\/?p=6336"},"modified":"2015-10-19T21:02:34","modified_gmt":"2015-10-19T19:02:34","slug":"knjizevno-vece-promocija-romana-islednik%cb%ae-dragana-velikica","status":"publish","type":"post","link":"https:\/\/www.ossaw.at\/de\/knjizevno-vece-promocija-romana-islednik%cb%ae-dragana-velikica\/","title":{"rendered":"Knji\u017eevno ve\u010de: Promocija romana \u201eIslednik\u02ee Dragana Veliki\u0107a"},"content":{"rendered":"<p align=\"center\"><b>Knji\u017eevno ve\u010de: Promocija romana \u201e<i>Islednik<\/i>\u02ee Dragana Veliki\u0107a<\/b><\/p>\n<p align=\"center\"><b>\u00a0<\/b><\/p>\n<p>Dragi studenti,<\/p>\n<p>Sa zadovoljstvom vas obave\u0161tavamo da \u0107e nova knjiga Dragana Veliki\u0107a \u201eIslednik\u02ee, vi\u0161eslojna pri\u010da o \u017eivotu, smrti i onome \u0161to ostaje iza njih, u \u010detvrtak, 22. oktobra, kona\u010dno biti predstavljena i be\u010dkim \u010ditateljima!<\/p>\n<p>Roman \u201eIslednik\u02ee je po mi\u0161ljenju kritike do sada najbolja knjiga ovog autora, koja je nedavno oven\u010dana \u201e<i>Ko\u010di\u0107evim perom<\/i>\u02ee.<\/p>\n<p>U ovoj knjizi, autor popularnih i nagra\u0111ivanih romana <i>Via Pula<\/i>, <i>Astragan<\/i>, <i>Hamsin<\/i>, <i>Severni zid<\/i>, <i>Danteov trg<\/i>, <i>Slu\u010daj Bremen<\/i>, <i>Dosije Doma\u0161evski<\/i>, <i>Ruski prozor<\/i> i <i>Bonavia<\/i>, donosi pri\u010du o otkrivanju svakodnevice majke glavnog lika, ina\u010de pisca. Prkose\u0107i strahu od brisanja se\u0107anja, posle vesti o smrti majke, pisac po\u010dinje da uhodi sopstvenu biografiju.<\/p>\n<p>Knjiga sadr\u017ei ono po \u010demu je Veliki\u0107 prepoznatljiv: savr\u0161en ose\u0107aj za detalj, jezi\u010dku preciznost, briljantno izbru\u0161en stil.<\/p>\n<p>Roman o majci postaje autopoeti\u010dka ispovest, ali i povest o zemlji i ljudima kojih vi\u0161e nema.<\/p>\n<p>Magazin KOSMO srda\u010dno poziva sve zainteresovane da prisustvuju promociji romana \u201e<i>Islednik<\/i>\u02ee, najli\u010dnijeg romana jednog od najzna\u010dajnijih srpskih pisaca dana\u0161njice.<\/p>\n<p>Ne propustite ovaj jedinstven doga\u0111aj!<\/p>\n<p><b>Datum i vreme<\/b>: \u010cetvrtak, 22. oktobar 2015.\u2502u 19:00 \u010d<\/p>\n<p><b>Mesto<\/b>: <i>Brunnenpassage<\/i>, Brunnengasse 71, 1160 Wien<\/p>\n<p><b>Ulaz<\/b>: slobodan<\/p>\n<p align=\"right\">Vidimo se!<\/p>\n<p align=\"right\">Va\u0161 OSSI Be\u010d<\/p>\n","protected":false},"excerpt":{"rendered":"<p>Knji\u017eevno ve\u010de: Promocija romana \u201eIslednik\u02ee Dragana Veliki\u0107a \u00a0 Dragi studenti, Sa zadovoljstvom vas obave\u0161tavamo da \u0107e nova knjiga Dragana Veliki\u0107a \u201eIslednik\u02ee, vi\u0161eslojna pri\u010da o \u017eivotu, smrti i onome \u0161to ostaje iza njih, u \u010detvrtak, 22. oktobra, kona\u010dno biti predstavljena i be\u010dkim \u010ditateljima! Roman \u201eIslednik\u02ee je po mi\u0161ljenju kritike do sada najbolja knjiga ovog autora, koja [&hellip;]<\/p>\n","protected":false},"author":25,"featured_media":6337,"comment_status":"closed","ping_status":"closed","sticky":false,"template":"","format":"standard","meta":{"footnotes":""},"categories":[205],"tags":[],"yoast_head":"<!-- This site is optimized with the Yoast SEO plugin v23.5 - https:\/\/yoast.com\/wordpress\/plugins\/seo\/ -->\n<title>Knji\u017eevno ve\u010de: Promocija romana \u201eIslednik\u02ee Dragana Veliki\u0107a - \u041eSSAW<\/title>\n<meta name=\"robots\" content=\"index, follow, max-snippet:-1, max-image-preview:large, max-video-preview:-1\" \/>\n<link rel=\"canonical\" href=\"https:\/\/www.ossaw.at\/knjizevno-vece-promocija-romana-islednik\u02ee-dragana-velikica\/\" \/>\n<meta property=\"og:locale\" content=\"de_DE\" \/>\n<meta property=\"og:type\" content=\"article\" \/>\n<meta property=\"og:title\" content=\"Knji\u017eevno ve\u010de: Promocija romana \u201eIslednik\u02ee Dragana Veliki\u0107a - \u041eSSAW\" \/>\n<meta property=\"og:description\" content=\"Knji\u017eevno ve\u010de: Promocija romana \u201eIslednik\u02ee Dragana Veliki\u0107a \u00a0 Dragi studenti, Sa zadovoljstvom vas obave\u0161tavamo da \u0107e nova knjiga Dragana Veliki\u0107a \u201eIslednik\u02ee, vi\u0161eslojna pri\u010da o \u017eivotu, smrti i onome \u0161to ostaje iza njih, u \u010detvrtak, 22. oktobra, kona\u010dno biti predstavljena i be\u010dkim \u010ditateljima! Roman \u201eIslednik\u02ee je po mi\u0161ljenju kritike do sada najbolja knjiga ovog autora, koja [&hellip;]\" \/>\n<meta property=\"og:url\" content=\"https:\/\/www.ossaw.at\/knjizevno-vece-promocija-romana-islednik\u02ee-dragana-velikica\/\" \/>\n<meta property=\"og:site_name\" content=\"\u041eSSAW\" \/>\n<meta property=\"article:publisher\" content=\"https:\/\/www.facebook.com\/ossaw\" \/>\n<meta property=\"article:published_time\" content=\"2015-10-19T19:00:12+00:00\" \/>\n<meta property=\"article:modified_time\" content=\"2015-10-19T19:02:34+00:00\" \/>\n<meta property=\"og:image\" content=\"https:\/\/www.ossaw.at\/wp-content\/uploads\/2015\/10\/Dragan-Veliki\u0107.jpg\" \/>\n\t<meta property=\"og:image:width\" content=\"600\" \/>\n\t<meta property=\"og:image:height\" content=\"401\" \/>\n\t<meta property=\"og:image:type\" content=\"image\/jpeg\" \/>\n<meta name=\"author\" content=\"OSSAW Media\" \/>\n<meta name=\"twitter:card\" content=\"summary_large_image\" \/>\n<meta name=\"twitter:label1\" content=\"Verfasst von\" \/>\n\t<meta name=\"twitter:data1\" content=\"OSSAW Media\" \/>\n\t<meta name=\"twitter:label2\" content=\"Gesch\u00e4tzte Lesezeit\" \/>\n\t<meta name=\"twitter:data2\" content=\"1\u00a0Minute\" \/>\n<script type=\"application\/ld+json\" class=\"yoast-schema-graph\">{\"@context\":\"https:\/\/schema.org\",\"@graph\":[{\"@type\":\"Article\",\"@id\":\"https:\/\/www.ossaw.at\/knjizevno-vece-promocija-romana-islednik%cb%ae-dragana-velikica\/#article\",\"isPartOf\":{\"@id\":\"https:\/\/www.ossaw.at\/knjizevno-vece-promocija-romana-islednik%cb%ae-dragana-velikica\/\"},\"author\":{\"name\":\"OSSAW Media\",\"@id\":\"https:\/\/www.ossaw.at\/#\/schema\/person\/5357760e30652fb4eb06c2e2b971017f\"},\"headline\":\"Knji\u017eevno ve\u010de: Promocija romana \u201eIslednik\u02ee Dragana Veliki\u0107a\",\"datePublished\":\"2015-10-19T19:00:12+00:00\",\"dateModified\":\"2015-10-19T19:02:34+00:00\",\"mainEntityOfPage\":{\"@id\":\"https:\/\/www.ossaw.at\/knjizevno-vece-promocija-romana-islednik%cb%ae-dragana-velikica\/\"},\"wordCount\":225,\"publisher\":{\"@id\":\"https:\/\/www.ossaw.at\/#organization\"},\"image\":{\"@id\":\"https:\/\/www.ossaw.at\/knjizevno-vece-promocija-romana-islednik%cb%ae-dragana-velikica\/#primaryimage\"},\"thumbnailUrl\":\"https:\/\/www.ossaw.at\/wp-content\/uploads\/2015\/10\/Dragan-Veliki\u0107.jpg\",\"articleSection\":[\"\u0412\u0435\u0441\u0442\u0438\"],\"inLanguage\":\"de\"},{\"@type\":\"WebPage\",\"@id\":\"https:\/\/www.ossaw.at\/knjizevno-vece-promocija-romana-islednik%cb%ae-dragana-velikica\/\",\"url\":\"https:\/\/www.ossaw.at\/knjizevno-vece-promocija-romana-islednik%cb%ae-dragana-velikica\/\",\"name\":\"Knji\u017eevno ve\u010de: Promocija romana \u201eIslednik\u02ee Dragana Veliki\u0107a - \u041eSSAW\",\"isPartOf\":{\"@id\":\"https:\/\/www.ossaw.at\/#website\"},\"primaryImageOfPage\":{\"@id\":\"https:\/\/www.ossaw.at\/knjizevno-vece-promocija-romana-islednik%cb%ae-dragana-velikica\/#primaryimage\"},\"image\":{\"@id\":\"https:\/\/www.ossaw.at\/knjizevno-vece-promocija-romana-islednik%cb%ae-dragana-velikica\/#primaryimage\"},\"thumbnailUrl\":\"https:\/\/www.ossaw.at\/wp-content\/uploads\/2015\/10\/Dragan-Veliki\u0107.jpg\",\"datePublished\":\"2015-10-19T19:00:12+00:00\",\"dateModified\":\"2015-10-19T19:02:34+00:00\",\"breadcrumb\":{\"@id\":\"https:\/\/www.ossaw.at\/knjizevno-vece-promocija-romana-islednik%cb%ae-dragana-velikica\/#breadcrumb\"},\"inLanguage\":\"de\",\"potentialAction\":[{\"@type\":\"ReadAction\",\"target\":[\"https:\/\/www.ossaw.at\/knjizevno-vece-promocija-romana-islednik%cb%ae-dragana-velikica\/\"]}]},{\"@type\":\"ImageObject\",\"inLanguage\":\"de\",\"@id\":\"https:\/\/www.ossaw.at\/knjizevno-vece-promocija-romana-islednik%cb%ae-dragana-velikica\/#primaryimage\",\"url\":\"https:\/\/www.ossaw.at\/wp-content\/uploads\/2015\/10\/Dragan-Veliki\u0107.jpg\",\"contentUrl\":\"https:\/\/www.ossaw.at\/wp-content\/uploads\/2015\/10\/Dragan-Veliki\u0107.jpg\",\"width\":600,\"height\":401},{\"@type\":\"BreadcrumbList\",\"@id\":\"https:\/\/www.ossaw.at\/knjizevno-vece-promocija-romana-islednik%cb%ae-dragana-velikica\/#breadcrumb\",\"itemListElement\":[{\"@type\":\"ListItem\",\"position\":1,\"name\":\"\u041f\u043e\u0447\u0435\u0442\u043d\u0430\",\"item\":\"https:\/\/www.ossaw.at\/\"},{\"@type\":\"ListItem\",\"position\":2,\"name\":\"Knji\u017eevno ve\u010de: Promocija romana \u201eIslednik\u02ee Dragana Veliki\u0107a\"}]},{\"@type\":\"WebSite\",\"@id\":\"https:\/\/www.ossaw.at\/#website\",\"url\":\"https:\/\/www.ossaw.at\/\",\"name\":\"\u041eSSAW\",\"description\":\"Organisation Serbischer Studenten im Ausland - Wien\",\"publisher\":{\"@id\":\"https:\/\/www.ossaw.at\/#organization\"},\"potentialAction\":[{\"@type\":\"SearchAction\",\"target\":{\"@type\":\"EntryPoint\",\"urlTemplate\":\"https:\/\/www.ossaw.at\/?s={search_term_string}\"},\"query-input\":{\"@type\":\"PropertyValueSpecification\",\"valueRequired\":true,\"valueName\":\"search_term_string\"}}],\"inLanguage\":\"de\"},{\"@type\":\"Organization\",\"@id\":\"https:\/\/www.ossaw.at\/#organization\",\"name\":\"\u041e\u0441\u0441\u0438 - \u0411\u0435\u0447\",\"url\":\"https:\/\/www.ossaw.at\/\",\"logo\":{\"@type\":\"ImageObject\",\"inLanguage\":\"de\",\"@id\":\"https:\/\/www.ossaw.at\/#\/schema\/logo\/image\/\",\"url\":\"https:\/\/www.ossaw.at\/wp-content\/uploads\/2016\/07\/OSSAW-logo-cirilica-page-001-2.jpg\",\"contentUrl\":\"https:\/\/www.ossaw.at\/wp-content\/uploads\/2016\/07\/OSSAW-logo-cirilica-page-001-2.jpg\",\"width\":1448,\"height\":1024,\"caption\":\"\u041e\u0441\u0441\u0438 - \u0411\u0435\u0447\"},\"image\":{\"@id\":\"https:\/\/www.ossaw.at\/#\/schema\/logo\/image\/\"},\"sameAs\":[\"https:\/\/www.facebook.com\/ossaw\",\"https:\/\/www.instagram.com\/ossa_wien\/\",\"https:\/\/www.linkedin.com\/company\/organisation-of-serbian-students-abroad---vienna\"]},{\"@type\":\"Person\",\"@id\":\"https:\/\/www.ossaw.at\/#\/schema\/person\/5357760e30652fb4eb06c2e2b971017f\",\"name\":\"OSSAW Media\",\"image\":{\"@type\":\"ImageObject\",\"inLanguage\":\"de\",\"@id\":\"https:\/\/www.ossaw.at\/#\/schema\/person\/image\/\",\"url\":\"https:\/\/secure.gravatar.com\/avatar\/3be439b9bb8444259b85eb9d68d46ba4?s=96&d=mm&r=pg\",\"contentUrl\":\"https:\/\/secure.gravatar.com\/avatar\/3be439b9bb8444259b85eb9d68d46ba4?s=96&d=mm&r=pg\",\"caption\":\"OSSAW Media\"},\"url\":\"https:\/\/www.ossaw.at\/de\/author\/official-ossaw\/\"}]}<\/script>\n<!-- \/ Yoast SEO plugin. -->","yoast_head_json":{"title":"Knji\u017eevno ve\u010de: Promocija romana \u201eIslednik\u02ee Dragana Veliki\u0107a - \u041eSSAW","robots":{"index":"index","follow":"follow","max-snippet":"max-snippet:-1","max-image-preview":"max-image-preview:large","max-video-preview":"max-video-preview:-1"},"canonical":"https:\/\/www.ossaw.at\/knjizevno-vece-promocija-romana-islednik\u02ee-dragana-velikica\/","og_locale":"de_DE","og_type":"article","og_title":"Knji\u017eevno ve\u010de: Promocija romana \u201eIslednik\u02ee Dragana Veliki\u0107a - \u041eSSAW","og_description":"Knji\u017eevno ve\u010de: Promocija romana \u201eIslednik\u02ee Dragana Veliki\u0107a \u00a0 Dragi studenti, Sa zadovoljstvom vas obave\u0161tavamo da \u0107e nova knjiga Dragana Veliki\u0107a \u201eIslednik\u02ee, vi\u0161eslojna pri\u010da o \u017eivotu, smrti i onome \u0161to ostaje iza njih, u \u010detvrtak, 22. oktobra, kona\u010dno biti predstavljena i be\u010dkim \u010ditateljima! Roman \u201eIslednik\u02ee je po mi\u0161ljenju kritike do sada najbolja knjiga ovog autora, koja [&hellip;]","og_url":"https:\/\/www.ossaw.at\/knjizevno-vece-promocija-romana-islednik\u02ee-dragana-velikica\/","og_site_name":"\u041eSSAW","article_publisher":"https:\/\/www.facebook.com\/ossaw","article_published_time":"2015-10-19T19:00:12+00:00","article_modified_time":"2015-10-19T19:02:34+00:00","og_image":[{"width":600,"height":401,"url":"https:\/\/www.ossaw.at\/wp-content\/uploads\/2015\/10\/Dragan-Veliki\u0107.jpg","type":"image\/jpeg"}],"author":"OSSAW Media","twitter_card":"summary_large_image","twitter_misc":{"Verfasst von":"OSSAW Media","Gesch\u00e4tzte Lesezeit":"1\u00a0Minute"},"schema":{"@context":"https:\/\/schema.org","@graph":[{"@type":"Article","@id":"https:\/\/www.ossaw.at\/knjizevno-vece-promocija-romana-islednik%cb%ae-dragana-velikica\/#article","isPartOf":{"@id":"https:\/\/www.ossaw.at\/knjizevno-vece-promocija-romana-islednik%cb%ae-dragana-velikica\/"},"author":{"name":"OSSAW Media","@id":"https:\/\/www.ossaw.at\/#\/schema\/person\/5357760e30652fb4eb06c2e2b971017f"},"headline":"Knji\u017eevno ve\u010de: Promocija romana \u201eIslednik\u02ee Dragana Veliki\u0107a","datePublished":"2015-10-19T19:00:12+00:00","dateModified":"2015-10-19T19:02:34+00:00","mainEntityOfPage":{"@id":"https:\/\/www.ossaw.at\/knjizevno-vece-promocija-romana-islednik%cb%ae-dragana-velikica\/"},"wordCount":225,"publisher":{"@id":"https:\/\/www.ossaw.at\/#organization"},"image":{"@id":"https:\/\/www.ossaw.at\/knjizevno-vece-promocija-romana-islednik%cb%ae-dragana-velikica\/#primaryimage"},"thumbnailUrl":"https:\/\/www.ossaw.at\/wp-content\/uploads\/2015\/10\/Dragan-Veliki\u0107.jpg","articleSection":["\u0412\u0435\u0441\u0442\u0438"],"inLanguage":"de"},{"@type":"WebPage","@id":"https:\/\/www.ossaw.at\/knjizevno-vece-promocija-romana-islednik%cb%ae-dragana-velikica\/","url":"https:\/\/www.ossaw.at\/knjizevno-vece-promocija-romana-islednik%cb%ae-dragana-velikica\/","name":"Knji\u017eevno ve\u010de: Promocija romana \u201eIslednik\u02ee Dragana Veliki\u0107a - \u041eSSAW","isPartOf":{"@id":"https:\/\/www.ossaw.at\/#website"},"primaryImageOfPage":{"@id":"https:\/\/www.ossaw.at\/knjizevno-vece-promocija-romana-islednik%cb%ae-dragana-velikica\/#primaryimage"},"image":{"@id":"https:\/\/www.ossaw.at\/knjizevno-vece-promocija-romana-islednik%cb%ae-dragana-velikica\/#primaryimage"},"thumbnailUrl":"https:\/\/www.ossaw.at\/wp-content\/uploads\/2015\/10\/Dragan-Veliki\u0107.jpg","datePublished":"2015-10-19T19:00:12+00:00","dateModified":"2015-10-19T19:02:34+00:00","breadcrumb":{"@id":"https:\/\/www.ossaw.at\/knjizevno-vece-promocija-romana-islednik%cb%ae-dragana-velikica\/#breadcrumb"},"inLanguage":"de","potentialAction":[{"@type":"ReadAction","target":["https:\/\/www.ossaw.at\/knjizevno-vece-promocija-romana-islednik%cb%ae-dragana-velikica\/"]}]},{"@type":"ImageObject","inLanguage":"de","@id":"https:\/\/www.ossaw.at\/knjizevno-vece-promocija-romana-islednik%cb%ae-dragana-velikica\/#primaryimage","url":"https:\/\/www.ossaw.at\/wp-content\/uploads\/2015\/10\/Dragan-Veliki\u0107.jpg","contentUrl":"https:\/\/www.ossaw.at\/wp-content\/uploads\/2015\/10\/Dragan-Veliki\u0107.jpg","width":600,"height":401},{"@type":"BreadcrumbList","@id":"https:\/\/www.ossaw.at\/knjizevno-vece-promocija-romana-islednik%cb%ae-dragana-velikica\/#breadcrumb","itemListElement":[{"@type":"ListItem","position":1,"name":"\u041f\u043e\u0447\u0435\u0442\u043d\u0430","item":"https:\/\/www.ossaw.at\/"},{"@type":"ListItem","position":2,"name":"Knji\u017eevno ve\u010de: Promocija romana \u201eIslednik\u02ee Dragana Veliki\u0107a"}]},{"@type":"WebSite","@id":"https:\/\/www.ossaw.at\/#website","url":"https:\/\/www.ossaw.at\/","name":"\u041eSSAW","description":"Organisation Serbischer Studenten im Ausland - Wien","publisher":{"@id":"https:\/\/www.ossaw.at\/#organization"},"potentialAction":[{"@type":"SearchAction","target":{"@type":"EntryPoint","urlTemplate":"https:\/\/www.ossaw.at\/?s={search_term_string}"},"query-input":{"@type":"PropertyValueSpecification","valueRequired":true,"valueName":"search_term_string"}}],"inLanguage":"de"},{"@type":"Organization","@id":"https:\/\/www.ossaw.at\/#organization","name":"\u041e\u0441\u0441\u0438 - \u0411\u0435\u0447","url":"https:\/\/www.ossaw.at\/","logo":{"@type":"ImageObject","inLanguage":"de","@id":"https:\/\/www.ossaw.at\/#\/schema\/logo\/image\/","url":"https:\/\/www.ossaw.at\/wp-content\/uploads\/2016\/07\/OSSAW-logo-cirilica-page-001-2.jpg","contentUrl":"https:\/\/www.ossaw.at\/wp-content\/uploads\/2016\/07\/OSSAW-logo-cirilica-page-001-2.jpg","width":1448,"height":1024,"caption":"\u041e\u0441\u0441\u0438 - \u0411\u0435\u0447"},"image":{"@id":"https:\/\/www.ossaw.at\/#\/schema\/logo\/image\/"},"sameAs":["https:\/\/www.facebook.com\/ossaw","https:\/\/www.instagram.com\/ossa_wien\/","https:\/\/www.linkedin.com\/company\/organisation-of-serbian-students-abroad---vienna"]},{"@type":"Person","@id":"https:\/\/www.ossaw.at\/#\/schema\/person\/5357760e30652fb4eb06c2e2b971017f","name":"OSSAW Media","image":{"@type":"ImageObject","inLanguage":"de","@id":"https:\/\/www.ossaw.at\/#\/schema\/person\/image\/","url":"https:\/\/secure.gravatar.com\/avatar\/3be439b9bb8444259b85eb9d68d46ba4?s=96&d=mm&r=pg","contentUrl":"https:\/\/secure.gravatar.com\/avatar\/3be439b9bb8444259b85eb9d68d46ba4?s=96&d=mm&r=pg","caption":"OSSAW Media"},"url":"https:\/\/www.ossaw.at\/de\/author\/official-ossaw\/"}]}},"_links":{"self":[{"href":"https:\/\/www.ossaw.at\/de\/wp-json\/wp\/v2\/posts\/6336"}],"collection":[{"href":"https:\/\/www.ossaw.at\/de\/wp-json\/wp\/v2\/posts"}],"about":[{"href":"https:\/\/www.ossaw.at\/de\/wp-json\/wp\/v2\/types\/post"}],"author":[{"embeddable":true,"href":"https:\/\/www.ossaw.at\/de\/wp-json\/wp\/v2\/users\/25"}],"replies":[{"embeddable":true,"href":"https:\/\/www.ossaw.at\/de\/wp-json\/wp\/v2\/comments?post=6336"}],"version-history":[{"count":0,"href":"https:\/\/www.ossaw.at\/de\/wp-json\/wp\/v2\/posts\/6336\/revisions"}],"wp:featuredmedia":[{"embeddable":true,"href":"https:\/\/www.ossaw.at\/de\/wp-json\/wp\/v2\/media\/6337"}],"wp:attachment":[{"href":"https:\/\/www.ossaw.at\/de\/wp-json\/wp\/v2\/media?parent=6336"}],"wp:term":[{"taxonomy":"category","embeddable":true,"href":"https:\/\/www.ossaw.at\/de\/wp-json\/wp\/v2\/categories?post=6336"},{"taxonomy":"post_tag","embeddable":true,"href":"https:\/\/www.ossaw.at\/de\/wp-json\/wp\/v2\/tags?post=6336"}],"curies":[{"name":"wp","href":"https:\/\/api.w.org\/{rel}","templated":true}]}}