{"id":6928,"date":"2016-03-23T15:59:02","date_gmt":"2016-03-23T14:59:02","guid":{"rendered":"http:\/\/ossaw.at\/?p=6928"},"modified":"2018-10-30T00:49:20","modified_gmt":"2018-10-29T23:49:20","slug":"nostalgija-i-kako-je-leciti","status":"publish","type":"post","link":"https:\/\/www.ossaw.at\/de\/nostalgija-i-kako-je-leciti\/","title":{"rendered":"Nostalgija i kako je le\u010diti?"},"content":{"rendered":"<p><\/p>\n<p style=\"text-align: justify;\">Svaka pri\u010da o odlasku i snala\u017eenju u stranoj zemlji je druga\u010dija. Kao \u0161to se ljudi u svojoj dr\u017eavi bore na razli\u010dite na\u010dine, tako se snalaze i u stranoj. Nekoga neko tamo \u010deka, a neko nema nikoga, neko kre\u0107e zajedno sa nekim, a neko sam, neko je na samom po\u010detku imao sre\u0107u, neko je do\u017eiveo peh. One koji odu \u010dekaju pitanja na koja valja odgovoriti i zadaci koje treba re\u0161iti, kao \u0161to su: Ose\u0107am li da u ovoj zemlji ima mesta za mene? Gde treba da gradim svoj dom? Ka kojem poslu ovde realno mogu da te\u017eim?<\/p>\n<p style=\"text-align: justify;\">Majka nostalgije je optimizam se\u0107anja. Ko ne pati od tog optimizma, on se jasnije se\u0107a. Ne tuguje, pa mu je \u017eivot malo stabilniji, ali siroma\u0161niji lepim uspomenama. Itekako siroma\u0161niji. Jeste da su te uspomene frizirane, da ih optimizam malo dotera, ulep\u0161a, ispolira, ali neka, lep\u0161e je tako. Itekako lep\u0161e.<\/p>\n<p style=\"text-align: justify;\">Ljudi se razlikuju, pa od osobe zavisi da li \u0107e se ose\u0107ati usamljeno bez porodice i prijatelja. Neki jedva \u010dekaju da odu daleko od Srbije i nikada ne osete ozbiljnu nostalgiju. Drugi misle da im zavi\u010daj ne\u0107e nedostajati, a desi se suprotno, da ne vide smisao \u017eivota daleko od svojih. Naravno, nije mali broj ni onih koji se dugo i uspe\u0161no bore protiv nostalgije, ali na kraju izgube tu borbu.<\/p>\n<p style=\"text-align: justify;\">Kad negde do\u0111e\u0161, u po\u010detku ti svi ne\u0161to do\u0111u \u010dudni. A to koliko su oni \u010dudni tebi, to jo\u0161 nije ni\u0161ta prema tome koliko si ti njima \u010dudan. To je nezgodno. Jer po\u0161to si ti me\u0111u njima druga\u010dijima, nisu oni \u010dudni, nego ti. Pa ako ho\u0107e\u0161 da ti bude kao i njima, postani jedan od njih, makar dok si tamo, zaboravi odakle si. Sna\u0111i se kako zna\u0161 i ume\u0161. Najgore je kad si na jednom mestu a voleo bi da si na drugom, a ne zna\u0161 ni za\u0161to. Kao \u0161to se ka\u017ee: ,,Ja odande nikada nisam ni odlazio&#8230; osim fizi\u010dki\u201c.<\/p>\n<p style=\"text-align: justify;\">Isprva misli\u0161 problem je u tebi. Krut si. Dosadni ti razgovori, ne primaju ti se prijateljstva. E, to je zato \u0161to si zakasnio. Mo\u017ee\u0161 im biti najsimpati\u010dniji, ali ako im nisi ni rod ni svojta, nema tu bratimljenja. A mnogi \u010dak i ne znaju \u0161ta ti misli\u0161 kad ka\u017ee\u0161 prijatelj. Ako i imaju ono \u0161to mi zovemo prijateljem, to je neko koga poznaju od detinjstva. I takvih svako ima po dva, tri, ne vi\u0161e. Kako da se tu ugura neko ko je na scenu stupio takore\u0107i star, ve\u0107 odrastao, formiran \u010dovek, pao s Marsa?<\/p>\n<p style=\"text-align: justify;\">Postoji centar sva\u010dijeg sveta oko koga se mo\u017ee u bli\u017eim ili udaljenijim krugovima kru\u017eiti, ali u \u010diji se epicenter uvek nekako vra\u0107a. Jezikom, avionom, u prahu, u mislima i ma\u0161ti, na blogu\u2026kako god, ali vra\u0107a.<\/p>\n<p style=\"text-align: justify;\"><img decoding=\"async\" class=\"aligncenter size-full wp-image-6930\" src=\"http:\/\/ossaw.at\/wp-content\/uploads\/2016\/03\/TARA.jpg\" alt=\"TARA\" width=\"960\" height=\"540\" \/><\/p>\n<p style=\"text-align: justify;\"><strong>\u0160ta \u010diniti?<\/strong><\/p>\n<p style=\"text-align: justify;\">Razne su opcije kad \u017eivi\u0161 u belom svetu. Ako uspe\u0161 da bude\u0161 odande gde si dok si tu gde si: da si odavde dok si ovde, a odande dok si tamo &#8211; onda si majstor. Al&#8217; da si na jednom mestu a misli\u0161 na drugo, ili da nisi nigde, to nikako ne valja. Ba\u0161 nikako. Ne sme\u0161 nikako da dozvoli\u0161 da upadne\u0161 u zamku.<\/p>\n<p style=\"text-align: justify;\">Svaka velika promena je te\u0161ka. Pitate se \u0161ta raditi. Vodite sa mi\u0161lju: \u201eOk, idem da probam, ako mi se ne svidi nije kraj sveta, imam gde da se vratim\u201c. Ovo je i meni i mnogima pomoglo.<\/p>\n<p style=\"text-align: justify;\">Mala napomena: <em>,,If you can&#8217;t stand the heat, stay away from the kitchen.\u201c <\/em>Ukoliko mislite da niste u stanju da okrenete svoj \u017eivot naopa\u010dke, po\u010dnete ispo\u010detka, uhvatite se u ko\u0161tac sa \u017eivotom i izazovima, nemojte ni poku\u0161avati. Jer morate biti dovoljno hrabri za ovakav poduhvat. Ali, verujte, bi\u0107ete kasnije ponosni na sebe.<\/p>\n<p style=\"text-align: justify;\">Uvek \u0107e vam biti pomalo te\u0161ko i uvek \u0107ete \u017eeleti da se vratite ku\u0107i, ali samo razmi\u0161ljajte u pravcu da ste ve\u0107 napravili jedan veliki korak samim odlaskom i da samo od vas zavisi da li \u0107ete kora\u010dati dalje i posti\u0107i vi\u0161e. Tako\u0111e je jako bitno kada odete da \u017eivite u inostranstvo da ne \u017eivite u pro\u0161losti u smislu, eh ja bih sada sedela sa svojom drugaricom i pri\u010dala, mesila kola\u010de &#8230; Jer to ne vodi ni\u010demu dobrom.<\/p>\n<p style=\"text-align: justify;\"><img loading=\"lazy\" decoding=\"async\" class=\"aligncenter size-full wp-image-6931\" src=\"http:\/\/ossaw.at\/wp-content\/uploads\/2016\/03\/NOVI-SAD.jpg\" alt=\"NOVI SAD\" width=\"960\" height=\"407\" \/><\/p>\n<p style=\"text-align: justify;\">Moj savet je da na\u0111ete internacionalno dru\u0161tvo, jer generalno probleme koje budete imali tamo kao npr. nostalgija, bolje \u0107e razumeti neko ko i sam prolazi kroz to.<\/p>\n<p style=\"text-align: justify;\">Kre\u0107ite se dosta, sti\u010dite nova poznanstva, ali savet tako\u0111e jeste i da upoznate neke \u201ena\u0161e\u201c ljude. Dovoljno ste zreli da procenite ko je dobar a ko lo\u0161. Tu generalno \u201ebalkansku \u017eicu\u201c svi mi nosimo, ma koliko god mislili da je nemamo, a obi\u010dno se ispolji kada smo daleko od zemlje, pa nas najbolje i razumeju na\u0161i ljudi. Stoga se u\u010dlanite u na\u0161e studentske organizacije, gde mo\u017eete sklopiti nova poznanstva i prijateljstva, kao i dobiti razne korisne informacije o studijama i \u017eivotu u Be\u010du.<\/p>\n<p style=\"text-align: justify;\">Danas, u doba vladavine interneta, sve je mnogo lak\u0161e. Mo\u017eete piti kafu preko skajpa sa mamom ili drugaricom i imati ose\u0107aj kao da upravo sedite sa njima. Zamislite samo koliko je bilo te\u017ee pre dvadeset godina, kada je samo pet posto stanovni\u0161tva Srbije imalo internet, a telefonski razgovori bili basnoslovno skupi. Priu\u0161titi sebi da se javite porodici jednom u dve nedelje bilo je luksuz. Stoga smatram da smo danas u veeelikoj prednosti i da daljinu uop\u0161te ne ose\u0107amo toliko kao daljinu kada se svaki dan gledamo i \u010dujemo preko skajpa, vibera i ostalih aplikacija u slu\u017ebi komunikacije.<\/p>\n<p style=\"text-align: justify;\"><img loading=\"lazy\" decoding=\"async\" class=\"aligncenter size-full wp-image-6932\" src=\"http:\/\/ossaw.at\/wp-content\/uploads\/2016\/03\/plazma.jpg\" alt=\"plazma\" width=\"700\" height=\"340\" \/><\/p>\n<p style=\"text-align: justify;\">Tako\u0111e, ako dobijemo \u017eelju za nekim proizvodima na kojima smo odrasli, npr. plazmom ili \u010dokoladnim bananicama, trk do \u0160para, Merkura ili Bile, gde postoje odeljci sa srpskim proizvodima. Ukoliko se za\u017eelimo pravih srpskim specijaliteta, bar mi imamo sre\u0107u da imamo toliku ponudu raznovrsnih srpskih i balkanskih restorana i ro\u0161tilja u Be\u010du, samo odlu\u010dite \u0161ta vam se jede. A tako\u0111e nije lo\u0161a ideja ni da, dok ste kod ku\u0107e, nau\u010dite i sami da pripremite neko tipi\u010dno na\u0161e jelo i poslu\u017eite ga svojim internacionalnim prijateljima i tako im pribli\u017eite Srbiju! Javite utiske, mada ne sumnjam u to da \u0107e im se dopasti.<\/p>\n<p style=\"text-align: justify;\"><img loading=\"lazy\" decoding=\"async\" class=\"aligncenter size-full wp-image-6933\" src=\"http:\/\/ossaw.at\/wp-content\/uploads\/2016\/03\/HRANA.jpg\" alt=\"HRANA\" width=\"900\" height=\"600\" \/><\/p>\n<p style=\"text-align: justify;\">\u010cini mi se da bi se Humboltova slavna re\u010denica iz pisma \u0160arloti iz 1827: \u201e<em>Die wahre Heimat ist eigentlich die Sprache<\/em>\u201c , sa svim njenim razli\u010ditim verzijama i ponavljanjima od Hane Arent do Deride ili Gadamera, mogla definisati kao ta\u010dna. Stoga, koliko god dobro vladali stranim jezikom, smejali se \u0161alama na njemu, mislili na njemu, maternji jezik je ono \u0161to u velikoj meri odre\u0111uje i na\u0161 pogled na svet. Tako\u0111e, i ovde mislim da smo u velikoj prednosti u odnosu na druga \u201einostranstva\u201c! Pa srpski mo\u017eete \u010duti na svakom koraku, toliko ima i na\u0161ih predstava koje se izvode u Be\u010du, mo\u017eete slu\u0161ati i na\u0161u muziku uve\u010de ako ste je \u017eeljni, i\u0107i u na\u0161e kafi\u0107e i klubove. Postanite \u010dlan kulturno-umetni\u010dkog dru\u0161tva, sklopi\u0107ete nova poznanstva i biti u stalnom dodiru sa domovinom. Organizujte sa prijateljima maraton najboljih doma\u0107ih filmova, smeha i dobrog provoda ne\u0107e izostati!<\/p>\n<p style=\"text-align: justify;\"><img loading=\"lazy\" decoding=\"async\" class=\"aligncenter size-full wp-image-6934\" src=\"http:\/\/ossaw.at\/wp-content\/uploads\/2016\/03\/Predstava-Zona-Zamfirova.jpg\" alt=\"Predstava-Zona-Zamfirova\" width=\"670\" height=\"447\" \/><\/p>\n<p style=\"text-align: justify;\"><strong>\u0160ta ako ni\u0161ta ne poma\u017ee?<\/strong><\/p>\n<p style=\"text-align: justify;\">Ni\u0161ta naro\u010dito. Pogledati sunce. Pomisliti kako \u0107e isto za par sati da obasja oker fasadu francuskog kulturnog centra u Zmaj Jovinoj gde mo\u017eete da budete koliko sutra ukoliko vas ne mrzi da za par minuta kupite autobusku ili avionsku kartu, \u010dekirate se i odete do stanice. I ta izvesnost, mogu\u0107nost nadohvat ruke je prava stvar, mo\u017eemo ako ho\u0107emo, dakle nije frka!<\/p>\n<p style=\"text-align: justify;\"><strong><em>&#8220;Kroz dvadeset godina vi\u0161e \u0107ete biti razo\u010darani onim \u0161to niste uradili nego onim \u0161to ste uradili. Stoga, otka\u010dite konopce. Isplovite iz bezbedne luke. Uhvatite pasate u svoja jedra. Istra\u017eujte. Sanjajte. Otkrivajte.&#8221;<\/em><\/strong><\/p>\n<p style=\"text-align: justify;\">Preporuka: Ukoliko \u017eelite da pro\u010ditate neke zanimljive stvari na temu nostalgije i \u017eivota u inostranstvu, preporu\u010dujem vam \u201eMali re\u010dnik nostalgije\u201c Neboj\u0161e Milosavljevi\u0107a.<\/p>\n<p style=\"text-align: right;\">Sektor za medije \u2013 OSSI Be\u010d,<\/p>\n<p style=\"text-align: right;\"><em>\u00a0 \u00a0 \u00a0 \u00a0 \u00a0 \u00a0 \u00a0 \u00a0 \u00a0 \u00a0 \u00a0 \u00a0 \u00a0 \u00a0 \u00a0 \u00a0 \u00a0 \u00a0 \u00a0 \u00a0 \u00a0 \u00a0 \u00a0 \u00a0 \u00a0 \u00a0 \u00a0 \u00a0 \u00a0 \u00a0 \u00a0 \u00a0 \u00a0 \u00a0 \u00a0 \u00a0 \u00a0 \u00a0 \u00a0 \u00a0 \u00a0 \u00a0 \u00a0 \u00a0 \u00a0 \u00a0 \u00a0 \u00a0 \u00a0<\/em>Tamara Keser<\/p>\n<p><\/p>","protected":false},"excerpt":{"rendered":"<p>Svaka pri\u010da o odlasku i snala\u017eenju u stranoj zemlji je druga\u010dija. Kao \u0161to se ljudi u svojoj dr\u017eavi bore na razli\u010dite na\u010dine, tako se snalaze i u stranoj. Nekoga neko tamo \u010deka, a neko nema nikoga, neko kre\u0107e zajedno sa nekim, a neko sam, neko je na samom po\u010detku imao sre\u0107u, neko je do\u017eiveo peh. [&hellip;]<\/p>\n","protected":false},"author":25,"featured_media":7188,"comment_status":"closed","ping_status":"closed","sticky":false,"template":"","format":"standard","meta":{"footnotes":""},"categories":[207],"tags":[],"yoast_head":"<!-- This site is optimized with the Yoast SEO plugin v23.5 - https:\/\/yoast.com\/wordpress\/plugins\/seo\/ -->\n<title>Nostalgija i kako je le\u010diti? - \u041eSSAW<\/title>\n<meta name=\"robots\" content=\"index, follow, max-snippet:-1, max-image-preview:large, max-video-preview:-1\" \/>\n<link rel=\"canonical\" href=\"https:\/\/www.ossaw.at\/nostalgija-i-kako-je-leciti\/\" \/>\n<meta property=\"og:locale\" content=\"de_DE\" \/>\n<meta property=\"og:type\" content=\"article\" \/>\n<meta property=\"og:title\" content=\"Nostalgija i kako je le\u010diti? - \u041eSSAW\" \/>\n<meta property=\"og:description\" content=\"Svaka pri\u010da o odlasku i snala\u017eenju u stranoj zemlji je druga\u010dija. Kao \u0161to se ljudi u svojoj dr\u017eavi bore na razli\u010dite na\u010dine, tako se snalaze i u stranoj. Nekoga neko tamo \u010deka, a neko nema nikoga, neko kre\u0107e zajedno sa nekim, a neko sam, neko je na samom po\u010detku imao sre\u0107u, neko je do\u017eiveo peh. [&hellip;]\" \/>\n<meta property=\"og:url\" content=\"https:\/\/www.ossaw.at\/nostalgija-i-kako-je-leciti\/\" \/>\n<meta property=\"og:site_name\" content=\"\u041eSSAW\" \/>\n<meta property=\"article:publisher\" content=\"https:\/\/www.facebook.com\/ossaw\" \/>\n<meta property=\"article:published_time\" content=\"2016-03-23T14:59:02+00:00\" \/>\n<meta property=\"article:modified_time\" content=\"2018-10-29T23:49:20+00:00\" \/>\n<meta property=\"og:image\" content=\"https:\/\/www.ossaw.at\/wp-content\/uploads\/2016\/03\/Glavna-slika.jpg\" \/>\n\t<meta property=\"og:image:width\" content=\"960\" \/>\n\t<meta property=\"og:image:height\" content=\"297\" \/>\n\t<meta property=\"og:image:type\" content=\"image\/jpeg\" \/>\n<meta name=\"author\" content=\"OSSAW Media\" \/>\n<meta name=\"twitter:card\" content=\"summary_large_image\" \/>\n<meta name=\"twitter:label1\" content=\"Verfasst von\" \/>\n\t<meta name=\"twitter:data1\" content=\"OSSAW Media\" \/>\n\t<meta name=\"twitter:label2\" content=\"Gesch\u00e4tzte Lesezeit\" \/>\n\t<meta name=\"twitter:data2\" content=\"7\u00a0Minuten\" \/>\n<script type=\"application\/ld+json\" class=\"yoast-schema-graph\">{\"@context\":\"https:\/\/schema.org\",\"@graph\":[{\"@type\":\"Article\",\"@id\":\"https:\/\/www.ossaw.at\/nostalgija-i-kako-je-leciti\/#article\",\"isPartOf\":{\"@id\":\"https:\/\/www.ossaw.at\/nostalgija-i-kako-je-leciti\/\"},\"author\":{\"name\":\"OSSAW Media\",\"@id\":\"https:\/\/www.ossaw.at\/#\/schema\/person\/5357760e30652fb4eb06c2e2b971017f\"},\"headline\":\"Nostalgija i kako je le\u010diti?\",\"datePublished\":\"2016-03-23T14:59:02+00:00\",\"dateModified\":\"2018-10-29T23:49:20+00:00\",\"mainEntityOfPage\":{\"@id\":\"https:\/\/www.ossaw.at\/nostalgija-i-kako-je-leciti\/\"},\"wordCount\":2661,\"publisher\":{\"@id\":\"https:\/\/www.ossaw.at\/#organization\"},\"image\":{\"@id\":\"https:\/\/www.ossaw.at\/nostalgija-i-kako-je-leciti\/#primaryimage\"},\"thumbnailUrl\":\"https:\/\/www.ossaw.at\/wp-content\/uploads\/2016\/03\/Glavna-slika.jpg\",\"articleSection\":[\"\u0416\u0438\u0432\u043e\u0442 \u0443 \u0411\u0435\u0447\u0443\"],\"inLanguage\":\"de\"},{\"@type\":\"WebPage\",\"@id\":\"https:\/\/www.ossaw.at\/nostalgija-i-kako-je-leciti\/\",\"url\":\"https:\/\/www.ossaw.at\/nostalgija-i-kako-je-leciti\/\",\"name\":\"Nostalgija i kako je le\u010diti? - \u041eSSAW\",\"isPartOf\":{\"@id\":\"https:\/\/www.ossaw.at\/#website\"},\"primaryImageOfPage\":{\"@id\":\"https:\/\/www.ossaw.at\/nostalgija-i-kako-je-leciti\/#primaryimage\"},\"image\":{\"@id\":\"https:\/\/www.ossaw.at\/nostalgija-i-kako-je-leciti\/#primaryimage\"},\"thumbnailUrl\":\"https:\/\/www.ossaw.at\/wp-content\/uploads\/2016\/03\/Glavna-slika.jpg\",\"datePublished\":\"2016-03-23T14:59:02+00:00\",\"dateModified\":\"2018-10-29T23:49:20+00:00\",\"breadcrumb\":{\"@id\":\"https:\/\/www.ossaw.at\/nostalgija-i-kako-je-leciti\/#breadcrumb\"},\"inLanguage\":\"de\",\"potentialAction\":[{\"@type\":\"ReadAction\",\"target\":[\"https:\/\/www.ossaw.at\/nostalgija-i-kako-je-leciti\/\"]}]},{\"@type\":\"ImageObject\",\"inLanguage\":\"de\",\"@id\":\"https:\/\/www.ossaw.at\/nostalgija-i-kako-je-leciti\/#primaryimage\",\"url\":\"https:\/\/www.ossaw.at\/wp-content\/uploads\/2016\/03\/Glavna-slika.jpg\",\"contentUrl\":\"https:\/\/www.ossaw.at\/wp-content\/uploads\/2016\/03\/Glavna-slika.jpg\",\"width\":960,\"height\":297},{\"@type\":\"BreadcrumbList\",\"@id\":\"https:\/\/www.ossaw.at\/nostalgija-i-kako-je-leciti\/#breadcrumb\",\"itemListElement\":[{\"@type\":\"ListItem\",\"position\":1,\"name\":\"\u041f\u043e\u0447\u0435\u0442\u043d\u0430\",\"item\":\"https:\/\/www.ossaw.at\/\"},{\"@type\":\"ListItem\",\"position\":2,\"name\":\"\u041d\u043e\u0441\u0442\u0430\u043b\u0433\u0438\u0458\u0430 \u0438 \u043a\u0430\u043a\u043e \u0458\u0435 \u043b\u0435\u0447\u0438\u0442\u0438?\"}]},{\"@type\":\"WebSite\",\"@id\":\"https:\/\/www.ossaw.at\/#website\",\"url\":\"https:\/\/www.ossaw.at\/\",\"name\":\"\u041eSSAW\",\"description\":\"Organisation Serbischer Studenten im Ausland - Wien\",\"publisher\":{\"@id\":\"https:\/\/www.ossaw.at\/#organization\"},\"potentialAction\":[{\"@type\":\"SearchAction\",\"target\":{\"@type\":\"EntryPoint\",\"urlTemplate\":\"https:\/\/www.ossaw.at\/?s={search_term_string}\"},\"query-input\":{\"@type\":\"PropertyValueSpecification\",\"valueRequired\":true,\"valueName\":\"search_term_string\"}}],\"inLanguage\":\"de\"},{\"@type\":\"Organization\",\"@id\":\"https:\/\/www.ossaw.at\/#organization\",\"name\":\"\u041e\u0441\u0441\u0438 - \u0411\u0435\u0447\",\"url\":\"https:\/\/www.ossaw.at\/\",\"logo\":{\"@type\":\"ImageObject\",\"inLanguage\":\"de\",\"@id\":\"https:\/\/www.ossaw.at\/#\/schema\/logo\/image\/\",\"url\":\"https:\/\/www.ossaw.at\/wp-content\/uploads\/2016\/07\/OSSAW-logo-cirilica-page-001-2.jpg\",\"contentUrl\":\"https:\/\/www.ossaw.at\/wp-content\/uploads\/2016\/07\/OSSAW-logo-cirilica-page-001-2.jpg\",\"width\":1448,\"height\":1024,\"caption\":\"\u041e\u0441\u0441\u0438 - \u0411\u0435\u0447\"},\"image\":{\"@id\":\"https:\/\/www.ossaw.at\/#\/schema\/logo\/image\/\"},\"sameAs\":[\"https:\/\/www.facebook.com\/ossaw\",\"https:\/\/www.instagram.com\/ossa_wien\/\",\"https:\/\/www.linkedin.com\/company\/organisation-of-serbian-students-abroad---vienna\"]},{\"@type\":\"Person\",\"@id\":\"https:\/\/www.ossaw.at\/#\/schema\/person\/5357760e30652fb4eb06c2e2b971017f\",\"name\":\"OSSAW Media\",\"image\":{\"@type\":\"ImageObject\",\"inLanguage\":\"de\",\"@id\":\"https:\/\/www.ossaw.at\/#\/schema\/person\/image\/\",\"url\":\"https:\/\/secure.gravatar.com\/avatar\/3be439b9bb8444259b85eb9d68d46ba4?s=96&d=mm&r=pg\",\"contentUrl\":\"https:\/\/secure.gravatar.com\/avatar\/3be439b9bb8444259b85eb9d68d46ba4?s=96&d=mm&r=pg\",\"caption\":\"OSSAW Media\"},\"url\":\"https:\/\/www.ossaw.at\/de\/author\/official-ossaw\/\"}]}<\/script>\n<!-- \/ Yoast SEO plugin. -->","yoast_head_json":{"title":"Nostalgija i kako je le\u010diti? - \u041eSSAW","robots":{"index":"index","follow":"follow","max-snippet":"max-snippet:-1","max-image-preview":"max-image-preview:large","max-video-preview":"max-video-preview:-1"},"canonical":"https:\/\/www.ossaw.at\/nostalgija-i-kako-je-leciti\/","og_locale":"de_DE","og_type":"article","og_title":"Nostalgija i kako je le\u010diti? - \u041eSSAW","og_description":"Svaka pri\u010da o odlasku i snala\u017eenju u stranoj zemlji je druga\u010dija. Kao \u0161to se ljudi u svojoj dr\u017eavi bore na razli\u010dite na\u010dine, tako se snalaze i u stranoj. Nekoga neko tamo \u010deka, a neko nema nikoga, neko kre\u0107e zajedno sa nekim, a neko sam, neko je na samom po\u010detku imao sre\u0107u, neko je do\u017eiveo peh. [&hellip;]","og_url":"https:\/\/www.ossaw.at\/nostalgija-i-kako-je-leciti\/","og_site_name":"\u041eSSAW","article_publisher":"https:\/\/www.facebook.com\/ossaw","article_published_time":"2016-03-23T14:59:02+00:00","article_modified_time":"2018-10-29T23:49:20+00:00","og_image":[{"width":960,"height":297,"url":"https:\/\/www.ossaw.at\/wp-content\/uploads\/2016\/03\/Glavna-slika.jpg","type":"image\/jpeg"}],"author":"OSSAW Media","twitter_card":"summary_large_image","twitter_misc":{"Verfasst von":"OSSAW Media","Gesch\u00e4tzte Lesezeit":"7\u00a0Minuten"},"schema":{"@context":"https:\/\/schema.org","@graph":[{"@type":"Article","@id":"https:\/\/www.ossaw.at\/nostalgija-i-kako-je-leciti\/#article","isPartOf":{"@id":"https:\/\/www.ossaw.at\/nostalgija-i-kako-je-leciti\/"},"author":{"name":"OSSAW Media","@id":"https:\/\/www.ossaw.at\/#\/schema\/person\/5357760e30652fb4eb06c2e2b971017f"},"headline":"Nostalgija i kako je le\u010diti?","datePublished":"2016-03-23T14:59:02+00:00","dateModified":"2018-10-29T23:49:20+00:00","mainEntityOfPage":{"@id":"https:\/\/www.ossaw.at\/nostalgija-i-kako-je-leciti\/"},"wordCount":2661,"publisher":{"@id":"https:\/\/www.ossaw.at\/#organization"},"image":{"@id":"https:\/\/www.ossaw.at\/nostalgija-i-kako-je-leciti\/#primaryimage"},"thumbnailUrl":"https:\/\/www.ossaw.at\/wp-content\/uploads\/2016\/03\/Glavna-slika.jpg","articleSection":["\u0416\u0438\u0432\u043e\u0442 \u0443 \u0411\u0435\u0447\u0443"],"inLanguage":"de"},{"@type":"WebPage","@id":"https:\/\/www.ossaw.at\/nostalgija-i-kako-je-leciti\/","url":"https:\/\/www.ossaw.at\/nostalgija-i-kako-je-leciti\/","name":"Nostalgija i kako je le\u010diti? - \u041eSSAW","isPartOf":{"@id":"https:\/\/www.ossaw.at\/#website"},"primaryImageOfPage":{"@id":"https:\/\/www.ossaw.at\/nostalgija-i-kako-je-leciti\/#primaryimage"},"image":{"@id":"https:\/\/www.ossaw.at\/nostalgija-i-kako-je-leciti\/#primaryimage"},"thumbnailUrl":"https:\/\/www.ossaw.at\/wp-content\/uploads\/2016\/03\/Glavna-slika.jpg","datePublished":"2016-03-23T14:59:02+00:00","dateModified":"2018-10-29T23:49:20+00:00","breadcrumb":{"@id":"https:\/\/www.ossaw.at\/nostalgija-i-kako-je-leciti\/#breadcrumb"},"inLanguage":"de","potentialAction":[{"@type":"ReadAction","target":["https:\/\/www.ossaw.at\/nostalgija-i-kako-je-leciti\/"]}]},{"@type":"ImageObject","inLanguage":"de","@id":"https:\/\/www.ossaw.at\/nostalgija-i-kako-je-leciti\/#primaryimage","url":"https:\/\/www.ossaw.at\/wp-content\/uploads\/2016\/03\/Glavna-slika.jpg","contentUrl":"https:\/\/www.ossaw.at\/wp-content\/uploads\/2016\/03\/Glavna-slika.jpg","width":960,"height":297},{"@type":"BreadcrumbList","@id":"https:\/\/www.ossaw.at\/nostalgija-i-kako-je-leciti\/#breadcrumb","itemListElement":[{"@type":"ListItem","position":1,"name":"\u041f\u043e\u0447\u0435\u0442\u043d\u0430","item":"https:\/\/www.ossaw.at\/"},{"@type":"ListItem","position":2,"name":"\u041d\u043e\u0441\u0442\u0430\u043b\u0433\u0438\u0458\u0430 \u0438 \u043a\u0430\u043a\u043e \u0458\u0435 \u043b\u0435\u0447\u0438\u0442\u0438?"}]},{"@type":"WebSite","@id":"https:\/\/www.ossaw.at\/#website","url":"https:\/\/www.ossaw.at\/","name":"\u041eSSAW","description":"Organisation Serbischer Studenten im Ausland - Wien","publisher":{"@id":"https:\/\/www.ossaw.at\/#organization"},"potentialAction":[{"@type":"SearchAction","target":{"@type":"EntryPoint","urlTemplate":"https:\/\/www.ossaw.at\/?s={search_term_string}"},"query-input":{"@type":"PropertyValueSpecification","valueRequired":true,"valueName":"search_term_string"}}],"inLanguage":"de"},{"@type":"Organization","@id":"https:\/\/www.ossaw.at\/#organization","name":"\u041e\u0441\u0441\u0438 - \u0411\u0435\u0447","url":"https:\/\/www.ossaw.at\/","logo":{"@type":"ImageObject","inLanguage":"de","@id":"https:\/\/www.ossaw.at\/#\/schema\/logo\/image\/","url":"https:\/\/www.ossaw.at\/wp-content\/uploads\/2016\/07\/OSSAW-logo-cirilica-page-001-2.jpg","contentUrl":"https:\/\/www.ossaw.at\/wp-content\/uploads\/2016\/07\/OSSAW-logo-cirilica-page-001-2.jpg","width":1448,"height":1024,"caption":"\u041e\u0441\u0441\u0438 - \u0411\u0435\u0447"},"image":{"@id":"https:\/\/www.ossaw.at\/#\/schema\/logo\/image\/"},"sameAs":["https:\/\/www.facebook.com\/ossaw","https:\/\/www.instagram.com\/ossa_wien\/","https:\/\/www.linkedin.com\/company\/organisation-of-serbian-students-abroad---vienna"]},{"@type":"Person","@id":"https:\/\/www.ossaw.at\/#\/schema\/person\/5357760e30652fb4eb06c2e2b971017f","name":"OSSAW Media","image":{"@type":"ImageObject","inLanguage":"de","@id":"https:\/\/www.ossaw.at\/#\/schema\/person\/image\/","url":"https:\/\/secure.gravatar.com\/avatar\/3be439b9bb8444259b85eb9d68d46ba4?s=96&d=mm&r=pg","contentUrl":"https:\/\/secure.gravatar.com\/avatar\/3be439b9bb8444259b85eb9d68d46ba4?s=96&d=mm&r=pg","caption":"OSSAW Media"},"url":"https:\/\/www.ossaw.at\/de\/author\/official-ossaw\/"}]}},"_links":{"self":[{"href":"https:\/\/www.ossaw.at\/de\/wp-json\/wp\/v2\/posts\/6928"}],"collection":[{"href":"https:\/\/www.ossaw.at\/de\/wp-json\/wp\/v2\/posts"}],"about":[{"href":"https:\/\/www.ossaw.at\/de\/wp-json\/wp\/v2\/types\/post"}],"author":[{"embeddable":true,"href":"https:\/\/www.ossaw.at\/de\/wp-json\/wp\/v2\/users\/25"}],"replies":[{"embeddable":true,"href":"https:\/\/www.ossaw.at\/de\/wp-json\/wp\/v2\/comments?post=6928"}],"version-history":[{"count":0,"href":"https:\/\/www.ossaw.at\/de\/wp-json\/wp\/v2\/posts\/6928\/revisions"}],"wp:featuredmedia":[{"embeddable":true,"href":"https:\/\/www.ossaw.at\/de\/wp-json\/wp\/v2\/media\/7188"}],"wp:attachment":[{"href":"https:\/\/www.ossaw.at\/de\/wp-json\/wp\/v2\/media?parent=6928"}],"wp:term":[{"taxonomy":"category","embeddable":true,"href":"https:\/\/www.ossaw.at\/de\/wp-json\/wp\/v2\/categories?post=6928"},{"taxonomy":"post_tag","embeddable":true,"href":"https:\/\/www.ossaw.at\/de\/wp-json\/wp\/v2\/tags?post=6928"}],"curies":[{"name":"wp","href":"https:\/\/api.w.org\/{rel}","templated":true}]}}