{"id":6956,"date":"2016-03-29T14:02:05","date_gmt":"2016-03-29T12:02:05","guid":{"rendered":"http:\/\/ossaw.at\/?p=6956"},"modified":"2019-03-21T00:23:15","modified_gmt":"2019-03-20T23:23:15","slug":"omiljena-mesta-beckih-hipstera","status":"publish","type":"post","link":"https:\/\/www.ossaw.at\/de\/omiljena-mesta-beckih-hipstera\/","title":{"rendered":"Omiljena mesta be\u010dkih hipstera"},"content":{"rendered":"<p><\/p>\n<p style=\"text-align: justify;\">Naj\u010de\u0161\u0107e ih prepoznajemo po vintid\u017e smislu za modu, izbledelom d\u017einsu, le\u017eernoj pamu\u010dnoj majici ili retro d\u017eemperu, nao\u010darima sa debelim okvirima, maramama i cegerima.<\/p>\n<p style=\"text-align: justify;\">Hipsteri nisu vezani za jednu svetsku metropolu. To je dru\u0161tvena grupa kojom se mo\u017ee pohvaliti svaki ve\u0107i grad. Predstavljamo vam pet najpopularnijih hipsterskih lokala u austrijskoj prestonici, koji se, bilo da ste pripadnik ove supkulturne grupe ili ne, moraju na\u0107i na va\u0161oj listi.<\/p>\n<p>&nbsp;<\/p>\n<p><img decoding=\"async\" class=\"aligncenter size-full wp-image-6961\" src=\"http:\/\/ossaw.at\/wp-content\/uploads\/2016\/03\/liebling.jpg\" alt=\"liebling\" width=\"800\" height=\"450\" \/><\/p>\n<p>&nbsp;<\/p>\n<ol>\n<li><em>Caf\u00e9 Liebling<\/em><\/li>\n<\/ol>\n<p>&nbsp;<\/p>\n<p style=\"text-align: justify;\">Sa ulice pomalo neuo\u010dljiv te postoji \u0161ansa da, ukoliko ne obratite pa\u017enju, proma\u0161ite ovaj kafi\u0107. Ali, kada jednom u\u0111ete u <em>Liebling<\/em>, po\u017eele\u0107ete da stalno dolazite ovde!<\/p>\n<p style=\"text-align: justify;\">Enterijer ovog kafi\u0107a se sastoji iz malog bara i tri sobe sa mnogobrojnim komadima vintid\u017e name\u0161taja. Najudobniji su stari kau\u010devi i otomani, kakve mnogi od nas i dalje mogu videti u domovima svojih baka i deka. Mo\u017eda jedino zidovi nekima mogu delovati suvi\u0161e oronulo i dati utisak kao da je vreme za kre\u010denje odavno do\u0161lo, no, pretpostavimo da upravo to ovaj kafi\u0107 i \u010dini takvim kakav jeste \u2013 hipi i kul.<\/p>\n<p style=\"text-align: justify;\">Kafa je veoma dobra, a toplo preporu\u010dujemo doru\u010dak koji nosi naziv \u201e<em>Taube<\/em>\u02ee. Ne brinite, ne\u0107e vam biti serviran golub. \u0160tavi\u0161e, ovo je jedan veganski obrok prebogat ukusima! Sastoji se od kombinacije kvinoje sa vo\u0107em, a dodatak tome je gvakamoli sos, grilovano povr\u0107e i humus \u2013 hranljivi i ukusni namaz od leblebije i tahinija. U ponudi je, tako\u0111e, i veliki broj osve\u017eavaju\u0107ih napitaka poput limunade, ali i veliki broj slatki\u0161a i doma\u0107ih kola\u010da. Nama se najvi\u0161e dopada veganski brauni.<\/p>\n<p style=\"text-align: justify;\">Iako u kafi\u0107u \u010desto nema prijema, gosti se mogu poslu\u017eiti veoma brzim wi-fi internetom. Naro\u010dito prijatno je sedeti na terasi za vreme leta.<\/p>\n<p><strong>Adresa<\/strong>: <em>Zollergasse 6, 1070 Wien<\/em><\/p>\n<p><strong>Radno vreme<\/strong>: od 9:00 do 2:00 h, petkom i subotom do 4:00 h<\/p>\n<p><strong>Telefon<\/strong>: +43 1 9905877<\/p>\n<p>&nbsp;<\/p>\n<p><img decoding=\"async\" class=\"aligncenter size-full wp-image-6962\" src=\"http:\/\/ossaw.at\/wp-content\/uploads\/2016\/03\/If-dogs-run-free.jpg\" alt=\"If dogs run free\" width=\"850\" height=\"600\" \/><\/p>\n<p>&nbsp;<\/p>\n<ol start=\"2\">\n<li><em>If dogs run free<\/em><\/li>\n<\/ol>\n<p style=\"text-align: justify;\"><em>\u00a0<\/em><\/p>\n<p style=\"text-align: justify;\">Naziv je dobio po istoimenoj pesmi Boba Dilana, a poznat je kao mesto gde se mo\u017ee popiti pi\u0107e u bilo koje doba dana i no\u0107i i zbog toga je popularno svrati\u0161te za sve profile ljudi.<\/p>\n<p style=\"text-align: justify;\">Kafi\u0107 je nepu\u0161a\u010dki, a ono \u0161to ga posebno izdvaja jeste veliki izbor ukusnih i osve\u017eavaju\u0107ih alkoholnih i bezalkoholnih koktela. Ovde se, tako\u0111e, mo\u017ee popiti i dobro vino, kao i pivo. Cene su i vi\u0161e nego pristupa\u010dne. Osoblje je veoma prijatno, a, pre porud\u017ebine, dok jo\u0161 uvek razgledaju kartu pi\u0107a, gosti za stolom dobijaju bokal vode.<\/p>\n<p><strong>Adresa<\/strong>: <em>Gumpendorfer Stra\u00dfe 10, 1060 Wien<\/em><\/p>\n<p><strong>Radno vreme<\/strong>: od 9:00 do 2:00 h, petkom i subotom do 4:00h<\/p>\n<p><strong>Telefon<\/strong>: +43 1 9132132<\/p>\n<p><strong>Veb-sajt<\/strong>: <a href=\"http:\/\/www.ifdogsrunfree.com\">www.ifdogsrunfree.com<\/a><\/p>\n<p>&nbsp;<\/p>\n<p><img loading=\"lazy\" decoding=\"async\" class=\"aligncenter wp-image-6963\" src=\"http:\/\/ossaw.at\/wp-content\/uploads\/2016\/03\/Wirr-1.jpeg\" alt=\"Wirr (1)\" width=\"845\" height=\"445\" \/><\/p>\n<p>&nbsp;<\/p>\n<ol start=\"3\">\n<li><em>Wirr<\/em><\/li>\n<\/ol>\n<p><em>\u00a0<\/em><\/p>\n<p style=\"text-align: justify;\">Ovaj hipsterski kafe-restoran odi\u0161e posebnom toplinom, udobno\u0161\u0107u i opu\u0161tenom atmosferom, a mnogi svoju pauzu za ru\u010dak provode upravo ovde. Osoblje je veoma ljubazno, a primetili smo i da prihvataju posebne zahteve.<\/p>\n<p style=\"text-align: justify;\"><em>Wirr<\/em> nudi veliki izbor pi\u0107a, a klopa je zaista vredna hvale. Od omleta na sve mogu\u0107e na\u010dine, pala\u010dinki i kroasana, gosti mogu u\u017eivati i u odli\u010dnim burgerima, a u ponudi su i brojna vegetarijanska jela. Kafa je odli\u010dna i sadr\u017ei mnogo, mnogo mleka, a interesantno je to \u0161to se slu\u017ei u manjoj \u010diniji. Onima koji ne piju kafu, toplo preporu\u010dujemo <em>Chai Tee<\/em>.<\/p>\n<p style=\"text-align: justify;\">Sjajno mesto za doru\u010dak ili ru\u010dak sa prijateljima, kao i za opu\u0161taju\u0107u kafu.<\/p>\n<p><strong>Adresa<\/strong>: <em>Burggasse 70, 1070 Wien<\/em><\/p>\n<p><strong>Radno vreme<\/strong>: od 10:00 do 2:00 h, \u010detvrtkom, petkom i subotom do 4:00 h<\/p>\n<p><strong>Telefon<\/strong>: +43 1\u00a0929 40 50<\/p>\n<p><strong>Veb-sajt<\/strong>: <a href=\"http:\/\/www.wirr.at\">www.wirr.at<\/a><\/p>\n<p>&nbsp;<\/p>\n<p><img loading=\"lazy\" decoding=\"async\" class=\"aligncenter wp-image-6964\" src=\"http:\/\/ossaw.at\/wp-content\/uploads\/2016\/03\/Werkzeugh.jpg\" alt=\"Werkzeugh\" width=\"762\" height=\"428\" \/><\/p>\n<ol start=\"4\">\n<li><em>WerkzeugH<\/em><\/li>\n<\/ol>\n<p><em>\u00a0<\/em><\/p>\n<p style=\"text-align: justify;\">Nalazi se na samo nekoliko minuta hoda od metro stanice <em>Pilgramgasse<\/em> (U4). Stara radionica koja je preure\u0111ena u funkcionalan prostor sa retro name\u0161tajem i velikim brojem biljaka, jedno je od mirnijih mesta gde se okupljaju hipsteri. Lokal, tako\u0111e, ima i prostranu ba\u0161tu, u kojoj se u letnjim mesecima mo\u017ee u\u017eivati.<\/p>\n<p style=\"text-align: justify;\"><em>WerkzeugH<\/em> od mnogih kafi\u0107a u Be\u010du izdvaja njegova ponuda pi\u0107a. Ovde se ne slu\u017ei obi\u010dna koka-kola na koju smo svi navikli, ve\u0107 <em>Fritz-Kola<\/em>, a u ponudi su i brojne vrste ledenih \u010dajeva, koje su, bar po na\u0161em mi\u0161ljenju, daleko ukusnije od onih koje proizvode <em>Rauch<\/em>, <em>Pfanner<\/em>, <em>Nestea<\/em> i dr.<\/p>\n<p style=\"text-align: justify;\">Jelovnik je sveden na svega nekoliko jela, \u0161to mo\u017eda \u010dini i tajnu ovog restorana \u2013 ne rasplinjavati se svim i sva\u010dim.<\/p>\n<p style=\"text-align: justify;\">Zaklju\u010dak: Lepo mesto sa neuobi\u010dajenom ponudom pi\u0107a, ukusnom hranom i veoma ljubaznim osobljem. Posebno se preporu\u010duje sedenje u ba\u0161ti za vreme leta.<\/p>\n<p><strong>Adresa<\/strong>: Sch\u00f6nbrunner Stra\u00dfe 61, 1050 Wien<\/p>\n<p><strong>Radno vreme<\/strong>: od 16:00 do 1:00 h<\/p>\n<p><strong>Telefon<\/strong>: +43 1 9138 728<\/p>\n<p>&nbsp;<\/p>\n<p><img fetchpriority=\"high\" decoding=\"async\" class=\"aligncenter size-full wp-image-6965\" src=\"http:\/\/ossaw.at\/wp-content\/uploads\/2016\/03\/Der-Dachboden.jpg\" alt=\"Der Dachboden\" width=\"800\" height=\"533\" \/><\/p>\n<p>&nbsp;<\/p>\n<ol start=\"5\">\n<li><em>Der Dachboden<\/em><\/li>\n<\/ol>\n<p><em>\u00a0<\/em><\/p>\n<p style=\"text-align: justify;\">Kafi\u0107 se nalazi u potkrovlju hotela <em>25 Hours<\/em> te otuda i dolazi njegov naziv. <em>Der Dachboden<\/em> prava je atrakcija i omiljeno mesto za opu\u0161tanje ne samo be\u010dkim hipsterima nego i drugim Be\u010dlijama i njihovim gostima. Idealan je za one koji \u017eele da probaju ne\u0161to novo, ne\u0161to druga\u010dije i koji umeju da u\u017eivaju u trenutku.<\/p>\n<p style=\"text-align: justify;\">Unutra\u0161njost lokala vesela je i \u0161arena, ra\u0111ena u kombinaciji retro i modernog stila, dok se na terasi mo\u017ee u\u017eivati u elegantnom i udobnom name\u0161taju. Pogled sa ove terase nadaleko je \u010duven, a mi vam samo mo\u017eemo potvrditi da je zaista spektakularan.<\/p>\n<p style=\"text-align: justify;\">Bilo da \u017eelite sa prijateljima da u\u017eivate u popodnevnom pivu i koktelima ili uve\u010de sa voljenom osobom u nekom dobrom vinu i romanti\u010dnom pogledu, ovaj kafi\u0107 je nepogre\u0161iv izbor!<\/p>\n<p><strong>Adresa<\/strong>: <em>Lerchenfelder Stra\u00dfe 1-3, 1070 Wien<\/em><\/p>\n<p><strong>Radno vreme<\/strong>: od 15:00 do 1:00h<\/p>\n<p><strong>Telefon<\/strong>: +43 1 52151 0<\/p>\n<p>&nbsp;<\/p>\n<p>*Ovaj tekst nije napisan s namerom da nekog uvredi te se svako poistove\u0107ivanje mo\u017ee smatrati slu\u010dajnim. Cilj je da studentima budu pru\u017eene informacije o interesantnim mestima, koja mogu posetiti u Be\u010du.<\/p>\n<p>&nbsp;<\/p>\n<p style=\"text-align: right;\">Sektor za medije \u2013 OSSI Be\u010d,<\/p>\n<p style=\"text-align: right;\">Aleksandra Tanaskovi\u0107<\/p>\n<p>&nbsp;<\/p>","protected":false},"excerpt":{"rendered":"<p>Naj\u010de\u0161\u0107e ih prepoznajemo po vintid\u017e smislu za modu, izbledelom d\u017einsu, le\u017eernoj pamu\u010dnoj majici ili retro d\u017eemperu, nao\u010darima sa debelim okvirima, marama&#8230;<\/p>\n","protected":false},"author":25,"featured_media":7222,"comment_status":"closed","ping_status":"closed","sticky":false,"template":"","format":"standard","meta":{"footnotes":""},"categories":[207],"tags":[],"yoast_head":"<!-- This site is optimized with the Yoast SEO plugin v23.5 - https:\/\/yoast.com\/wordpress\/plugins\/seo\/ -->\n<title>Omiljena mesta be\u010dkih hipstera - \u041eSSAW<\/title>\n<meta name=\"robots\" content=\"index, follow, max-snippet:-1, max-image-preview:large, max-video-preview:-1\" \/>\n<link rel=\"canonical\" href=\"https:\/\/www.ossaw.at\/omiljena-mesta-beckih-hipstera\/\" \/>\n<meta property=\"og:locale\" content=\"de_DE\" \/>\n<meta property=\"og:type\" content=\"article\" \/>\n<meta property=\"og:title\" content=\"Omiljena mesta be\u010dkih hipstera - \u041eSSAW\" \/>\n<meta property=\"og:description\" content=\"[:sr]\u041d\u0430\u0458\u0447\u0435\u0448\u045b\u0435 \u0438\u0445 \u043f\u0440\u0435\u043f\u043e\u0437\u043d\u0430\u0458\u0435\u043c\u043e \u043f\u043e \u0432\u0438\u043d\u0442\u0438\u045f \u0441\u043c\u0438\u0441\u043b\u0443 \u0437\u0430 \u043c\u043e\u0434\u0443, \u0438\u0437\u0431\u043b\u0435\u0434\u0435\u043b\u043e\u043c \u045f\u0438\u043d\u0441\u0443, \u043b\u0435\u0436\u0435\u0440\u043d\u043e\u0458 \u043f\u0430\u043c\u0443\u0447\u043d\u043e\u0458 \u043c\u0430\u0458\u0438\u0446\u0438 \u0438\u043b\u0438 \u0440\u0435\u0442\u0440\u043e \u045f\u0435\u043c\u043f\u0435\u0440\u0443, \u043d\u0430\u043e\u0447\u0430\u0440\u0438\u043c\u0430 \u0441\u0430 \u0434\u0435\u0431\u0435\u043b\u0438\u043c \u043e\u043a\u0432\u0438\u0440\u0438\u043c\u0430, \u043c\u0430\u0440\u0430\u043c\u0430\u043c\u0430 \u0438 \u0446\u0435\u0433\u0435\u0440\u0438\u043c\u0430.[:de]Naj\u010de\u0161\u0107e ih prepoznajemo po vintid\u017e smislu za modu, izbledelom d\u017einsu, le\u017eernoj pamu\u010dnoj majici ili retro d\u017eemperu, nao\u010darima sa debelim okvirima, marama...[:]\" \/>\n<meta property=\"og:url\" content=\"https:\/\/www.ossaw.at\/omiljena-mesta-beckih-hipstera\/\" \/>\n<meta property=\"og:site_name\" content=\"\u041eSSAW\" \/>\n<meta property=\"article:publisher\" content=\"https:\/\/www.facebook.com\/ossaw\" \/>\n<meta property=\"article:published_time\" content=\"2016-03-29T12:02:05+00:00\" \/>\n<meta property=\"article:modified_time\" content=\"2019-03-20T23:23:15+00:00\" \/>\n<meta property=\"og:image\" content=\"https:\/\/www.ossaw.at\/wp-content\/uploads\/2016\/03\/Der-Dachboden.jpg\" \/>\n\t<meta property=\"og:image:width\" content=\"800\" \/>\n\t<meta property=\"og:image:height\" content=\"533\" \/>\n\t<meta property=\"og:image:type\" content=\"image\/jpeg\" \/>\n<meta name=\"author\" content=\"OSSAW Media\" \/>\n<meta name=\"twitter:card\" content=\"summary_large_image\" \/>\n<meta name=\"twitter:label1\" content=\"Verfasst von\" \/>\n\t<meta name=\"twitter:data1\" content=\"OSSAW Media\" \/>\n\t<meta name=\"twitter:label2\" content=\"Gesch\u00e4tzte Lesezeit\" \/>\n\t<meta name=\"twitter:data2\" content=\"5\u00a0Minuten\" \/>\n<script type=\"application\/ld+json\" class=\"yoast-schema-graph\">{\"@context\":\"https:\/\/schema.org\",\"@graph\":[{\"@type\":\"Article\",\"@id\":\"https:\/\/www.ossaw.at\/omiljena-mesta-beckih-hipstera\/#article\",\"isPartOf\":{\"@id\":\"https:\/\/www.ossaw.at\/omiljena-mesta-beckih-hipstera\/\"},\"author\":{\"name\":\"OSSAW Media\",\"@id\":\"https:\/\/www.ossaw.at\/#\/schema\/person\/5357760e30652fb4eb06c2e2b971017f\"},\"headline\":\"Omiljena mesta be\u010dkih hipstera\",\"datePublished\":\"2016-03-29T12:02:05+00:00\",\"dateModified\":\"2019-03-20T23:23:15+00:00\",\"mainEntityOfPage\":{\"@id\":\"https:\/\/www.ossaw.at\/omiljena-mesta-beckih-hipstera\/\"},\"wordCount\":1864,\"publisher\":{\"@id\":\"https:\/\/www.ossaw.at\/#organization\"},\"image\":{\"@id\":\"https:\/\/www.ossaw.at\/omiljena-mesta-beckih-hipstera\/#primaryimage\"},\"thumbnailUrl\":\"https:\/\/www.ossaw.at\/wp-content\/uploads\/2016\/03\/Der-Dachboden.jpg\",\"articleSection\":[\"\u0416\u0438\u0432\u043e\u0442 \u0443 \u0411\u0435\u0447\u0443\"],\"inLanguage\":\"de\"},{\"@type\":\"WebPage\",\"@id\":\"https:\/\/www.ossaw.at\/omiljena-mesta-beckih-hipstera\/\",\"url\":\"https:\/\/www.ossaw.at\/omiljena-mesta-beckih-hipstera\/\",\"name\":\"Omiljena mesta be\u010dkih hipstera - \u041eSSAW\",\"isPartOf\":{\"@id\":\"https:\/\/www.ossaw.at\/#website\"},\"primaryImageOfPage\":{\"@id\":\"https:\/\/www.ossaw.at\/omiljena-mesta-beckih-hipstera\/#primaryimage\"},\"image\":{\"@id\":\"https:\/\/www.ossaw.at\/omiljena-mesta-beckih-hipstera\/#primaryimage\"},\"thumbnailUrl\":\"https:\/\/www.ossaw.at\/wp-content\/uploads\/2016\/03\/Der-Dachboden.jpg\",\"datePublished\":\"2016-03-29T12:02:05+00:00\",\"dateModified\":\"2019-03-20T23:23:15+00:00\",\"breadcrumb\":{\"@id\":\"https:\/\/www.ossaw.at\/omiljena-mesta-beckih-hipstera\/#breadcrumb\"},\"inLanguage\":\"de\",\"potentialAction\":[{\"@type\":\"ReadAction\",\"target\":[\"https:\/\/www.ossaw.at\/omiljena-mesta-beckih-hipstera\/\"]}]},{\"@type\":\"ImageObject\",\"inLanguage\":\"de\",\"@id\":\"https:\/\/www.ossaw.at\/omiljena-mesta-beckih-hipstera\/#primaryimage\",\"url\":\"https:\/\/www.ossaw.at\/wp-content\/uploads\/2016\/03\/Der-Dachboden.jpg\",\"contentUrl\":\"https:\/\/www.ossaw.at\/wp-content\/uploads\/2016\/03\/Der-Dachboden.jpg\",\"width\":800,\"height\":533},{\"@type\":\"BreadcrumbList\",\"@id\":\"https:\/\/www.ossaw.at\/omiljena-mesta-beckih-hipstera\/#breadcrumb\",\"itemListElement\":[{\"@type\":\"ListItem\",\"position\":1,\"name\":\"\u041f\u043e\u0447\u0435\u0442\u043d\u0430\",\"item\":\"https:\/\/www.ossaw.at\/\"},{\"@type\":\"ListItem\",\"position\":2,\"name\":\"\u041e\u043c\u0438\u0459\u0435\u043d\u0430 \u043c\u0435\u0441\u0442\u0430 \u0431\u0435\u0447\u043a\u0438\u0445 \u0445\u0438\u043f\u0441\u0442\u0435\u0440\u0430\"}]},{\"@type\":\"WebSite\",\"@id\":\"https:\/\/www.ossaw.at\/#website\",\"url\":\"https:\/\/www.ossaw.at\/\",\"name\":\"\u041eSSAW\",\"description\":\"Organisation Serbischer Studenten im Ausland - Wien\",\"publisher\":{\"@id\":\"https:\/\/www.ossaw.at\/#organization\"},\"potentialAction\":[{\"@type\":\"SearchAction\",\"target\":{\"@type\":\"EntryPoint\",\"urlTemplate\":\"https:\/\/www.ossaw.at\/?s={search_term_string}\"},\"query-input\":{\"@type\":\"PropertyValueSpecification\",\"valueRequired\":true,\"valueName\":\"search_term_string\"}}],\"inLanguage\":\"de\"},{\"@type\":\"Organization\",\"@id\":\"https:\/\/www.ossaw.at\/#organization\",\"name\":\"\u041e\u0441\u0441\u0438 - \u0411\u0435\u0447\",\"url\":\"https:\/\/www.ossaw.at\/\",\"logo\":{\"@type\":\"ImageObject\",\"inLanguage\":\"de\",\"@id\":\"https:\/\/www.ossaw.at\/#\/schema\/logo\/image\/\",\"url\":\"https:\/\/www.ossaw.at\/wp-content\/uploads\/2016\/07\/OSSAW-logo-cirilica-page-001-2.jpg\",\"contentUrl\":\"https:\/\/www.ossaw.at\/wp-content\/uploads\/2016\/07\/OSSAW-logo-cirilica-page-001-2.jpg\",\"width\":1448,\"height\":1024,\"caption\":\"\u041e\u0441\u0441\u0438 - \u0411\u0435\u0447\"},\"image\":{\"@id\":\"https:\/\/www.ossaw.at\/#\/schema\/logo\/image\/\"},\"sameAs\":[\"https:\/\/www.facebook.com\/ossaw\",\"https:\/\/www.instagram.com\/ossa_wien\/\",\"https:\/\/www.linkedin.com\/company\/organisation-of-serbian-students-abroad---vienna\"]},{\"@type\":\"Person\",\"@id\":\"https:\/\/www.ossaw.at\/#\/schema\/person\/5357760e30652fb4eb06c2e2b971017f\",\"name\":\"OSSAW Media\",\"image\":{\"@type\":\"ImageObject\",\"inLanguage\":\"de\",\"@id\":\"https:\/\/www.ossaw.at\/#\/schema\/person\/image\/\",\"url\":\"https:\/\/secure.gravatar.com\/avatar\/3be439b9bb8444259b85eb9d68d46ba4?s=96&d=mm&r=pg\",\"contentUrl\":\"https:\/\/secure.gravatar.com\/avatar\/3be439b9bb8444259b85eb9d68d46ba4?s=96&d=mm&r=pg\",\"caption\":\"OSSAW Media\"},\"url\":\"https:\/\/www.ossaw.at\/de\/author\/official-ossaw\/\"}]}<\/script>\n<!-- \/ Yoast SEO plugin. -->","yoast_head_json":{"title":"Omiljena mesta be\u010dkih hipstera - \u041eSSAW","robots":{"index":"index","follow":"follow","max-snippet":"max-snippet:-1","max-image-preview":"max-image-preview:large","max-video-preview":"max-video-preview:-1"},"canonical":"https:\/\/www.ossaw.at\/omiljena-mesta-beckih-hipstera\/","og_locale":"de_DE","og_type":"article","og_title":"Omiljena mesta be\u010dkih hipstera - \u041eSSAW","og_description":"[:sr]\u041d\u0430\u0458\u0447\u0435\u0448\u045b\u0435 \u0438\u0445 \u043f\u0440\u0435\u043f\u043e\u0437\u043d\u0430\u0458\u0435\u043c\u043e \u043f\u043e \u0432\u0438\u043d\u0442\u0438\u045f \u0441\u043c\u0438\u0441\u043b\u0443 \u0437\u0430 \u043c\u043e\u0434\u0443, \u0438\u0437\u0431\u043b\u0435\u0434\u0435\u043b\u043e\u043c \u045f\u0438\u043d\u0441\u0443, \u043b\u0435\u0436\u0435\u0440\u043d\u043e\u0458 \u043f\u0430\u043c\u0443\u0447\u043d\u043e\u0458 \u043c\u0430\u0458\u0438\u0446\u0438 \u0438\u043b\u0438 \u0440\u0435\u0442\u0440\u043e \u045f\u0435\u043c\u043f\u0435\u0440\u0443, \u043d\u0430\u043e\u0447\u0430\u0440\u0438\u043c\u0430 \u0441\u0430 \u0434\u0435\u0431\u0435\u043b\u0438\u043c \u043e\u043a\u0432\u0438\u0440\u0438\u043c\u0430, \u043c\u0430\u0440\u0430\u043c\u0430\u043c\u0430 \u0438 \u0446\u0435\u0433\u0435\u0440\u0438\u043c\u0430.[:de]Naj\u010de\u0161\u0107e ih prepoznajemo po vintid\u017e smislu za modu, izbledelom d\u017einsu, le\u017eernoj pamu\u010dnoj majici ili retro d\u017eemperu, nao\u010darima sa debelim okvirima, marama...[:]","og_url":"https:\/\/www.ossaw.at\/omiljena-mesta-beckih-hipstera\/","og_site_name":"\u041eSSAW","article_publisher":"https:\/\/www.facebook.com\/ossaw","article_published_time":"2016-03-29T12:02:05+00:00","article_modified_time":"2019-03-20T23:23:15+00:00","og_image":[{"width":800,"height":533,"url":"https:\/\/www.ossaw.at\/wp-content\/uploads\/2016\/03\/Der-Dachboden.jpg","type":"image\/jpeg"}],"author":"OSSAW Media","twitter_card":"summary_large_image","twitter_misc":{"Verfasst von":"OSSAW Media","Gesch\u00e4tzte Lesezeit":"5\u00a0Minuten"},"schema":{"@context":"https:\/\/schema.org","@graph":[{"@type":"Article","@id":"https:\/\/www.ossaw.at\/omiljena-mesta-beckih-hipstera\/#article","isPartOf":{"@id":"https:\/\/www.ossaw.at\/omiljena-mesta-beckih-hipstera\/"},"author":{"name":"OSSAW Media","@id":"https:\/\/www.ossaw.at\/#\/schema\/person\/5357760e30652fb4eb06c2e2b971017f"},"headline":"Omiljena mesta be\u010dkih hipstera","datePublished":"2016-03-29T12:02:05+00:00","dateModified":"2019-03-20T23:23:15+00:00","mainEntityOfPage":{"@id":"https:\/\/www.ossaw.at\/omiljena-mesta-beckih-hipstera\/"},"wordCount":1864,"publisher":{"@id":"https:\/\/www.ossaw.at\/#organization"},"image":{"@id":"https:\/\/www.ossaw.at\/omiljena-mesta-beckih-hipstera\/#primaryimage"},"thumbnailUrl":"https:\/\/www.ossaw.at\/wp-content\/uploads\/2016\/03\/Der-Dachboden.jpg","articleSection":["\u0416\u0438\u0432\u043e\u0442 \u0443 \u0411\u0435\u0447\u0443"],"inLanguage":"de"},{"@type":"WebPage","@id":"https:\/\/www.ossaw.at\/omiljena-mesta-beckih-hipstera\/","url":"https:\/\/www.ossaw.at\/omiljena-mesta-beckih-hipstera\/","name":"Omiljena mesta be\u010dkih hipstera - \u041eSSAW","isPartOf":{"@id":"https:\/\/www.ossaw.at\/#website"},"primaryImageOfPage":{"@id":"https:\/\/www.ossaw.at\/omiljena-mesta-beckih-hipstera\/#primaryimage"},"image":{"@id":"https:\/\/www.ossaw.at\/omiljena-mesta-beckih-hipstera\/#primaryimage"},"thumbnailUrl":"https:\/\/www.ossaw.at\/wp-content\/uploads\/2016\/03\/Der-Dachboden.jpg","datePublished":"2016-03-29T12:02:05+00:00","dateModified":"2019-03-20T23:23:15+00:00","breadcrumb":{"@id":"https:\/\/www.ossaw.at\/omiljena-mesta-beckih-hipstera\/#breadcrumb"},"inLanguage":"de","potentialAction":[{"@type":"ReadAction","target":["https:\/\/www.ossaw.at\/omiljena-mesta-beckih-hipstera\/"]}]},{"@type":"ImageObject","inLanguage":"de","@id":"https:\/\/www.ossaw.at\/omiljena-mesta-beckih-hipstera\/#primaryimage","url":"https:\/\/www.ossaw.at\/wp-content\/uploads\/2016\/03\/Der-Dachboden.jpg","contentUrl":"https:\/\/www.ossaw.at\/wp-content\/uploads\/2016\/03\/Der-Dachboden.jpg","width":800,"height":533},{"@type":"BreadcrumbList","@id":"https:\/\/www.ossaw.at\/omiljena-mesta-beckih-hipstera\/#breadcrumb","itemListElement":[{"@type":"ListItem","position":1,"name":"\u041f\u043e\u0447\u0435\u0442\u043d\u0430","item":"https:\/\/www.ossaw.at\/"},{"@type":"ListItem","position":2,"name":"\u041e\u043c\u0438\u0459\u0435\u043d\u0430 \u043c\u0435\u0441\u0442\u0430 \u0431\u0435\u0447\u043a\u0438\u0445 \u0445\u0438\u043f\u0441\u0442\u0435\u0440\u0430"}]},{"@type":"WebSite","@id":"https:\/\/www.ossaw.at\/#website","url":"https:\/\/www.ossaw.at\/","name":"\u041eSSAW","description":"Organisation Serbischer Studenten im Ausland - Wien","publisher":{"@id":"https:\/\/www.ossaw.at\/#organization"},"potentialAction":[{"@type":"SearchAction","target":{"@type":"EntryPoint","urlTemplate":"https:\/\/www.ossaw.at\/?s={search_term_string}"},"query-input":{"@type":"PropertyValueSpecification","valueRequired":true,"valueName":"search_term_string"}}],"inLanguage":"de"},{"@type":"Organization","@id":"https:\/\/www.ossaw.at\/#organization","name":"\u041e\u0441\u0441\u0438 - \u0411\u0435\u0447","url":"https:\/\/www.ossaw.at\/","logo":{"@type":"ImageObject","inLanguage":"de","@id":"https:\/\/www.ossaw.at\/#\/schema\/logo\/image\/","url":"https:\/\/www.ossaw.at\/wp-content\/uploads\/2016\/07\/OSSAW-logo-cirilica-page-001-2.jpg","contentUrl":"https:\/\/www.ossaw.at\/wp-content\/uploads\/2016\/07\/OSSAW-logo-cirilica-page-001-2.jpg","width":1448,"height":1024,"caption":"\u041e\u0441\u0441\u0438 - \u0411\u0435\u0447"},"image":{"@id":"https:\/\/www.ossaw.at\/#\/schema\/logo\/image\/"},"sameAs":["https:\/\/www.facebook.com\/ossaw","https:\/\/www.instagram.com\/ossa_wien\/","https:\/\/www.linkedin.com\/company\/organisation-of-serbian-students-abroad---vienna"]},{"@type":"Person","@id":"https:\/\/www.ossaw.at\/#\/schema\/person\/5357760e30652fb4eb06c2e2b971017f","name":"OSSAW Media","image":{"@type":"ImageObject","inLanguage":"de","@id":"https:\/\/www.ossaw.at\/#\/schema\/person\/image\/","url":"https:\/\/secure.gravatar.com\/avatar\/3be439b9bb8444259b85eb9d68d46ba4?s=96&d=mm&r=pg","contentUrl":"https:\/\/secure.gravatar.com\/avatar\/3be439b9bb8444259b85eb9d68d46ba4?s=96&d=mm&r=pg","caption":"OSSAW Media"},"url":"https:\/\/www.ossaw.at\/de\/author\/official-ossaw\/"}]}},"_links":{"self":[{"href":"https:\/\/www.ossaw.at\/de\/wp-json\/wp\/v2\/posts\/6956"}],"collection":[{"href":"https:\/\/www.ossaw.at\/de\/wp-json\/wp\/v2\/posts"}],"about":[{"href":"https:\/\/www.ossaw.at\/de\/wp-json\/wp\/v2\/types\/post"}],"author":[{"embeddable":true,"href":"https:\/\/www.ossaw.at\/de\/wp-json\/wp\/v2\/users\/25"}],"replies":[{"embeddable":true,"href":"https:\/\/www.ossaw.at\/de\/wp-json\/wp\/v2\/comments?post=6956"}],"version-history":[{"count":0,"href":"https:\/\/www.ossaw.at\/de\/wp-json\/wp\/v2\/posts\/6956\/revisions"}],"wp:featuredmedia":[{"embeddable":true,"href":"https:\/\/www.ossaw.at\/de\/wp-json\/wp\/v2\/media\/7222"}],"wp:attachment":[{"href":"https:\/\/www.ossaw.at\/de\/wp-json\/wp\/v2\/media?parent=6956"}],"wp:term":[{"taxonomy":"category","embeddable":true,"href":"https:\/\/www.ossaw.at\/de\/wp-json\/wp\/v2\/categories?post=6956"},{"taxonomy":"post_tag","embeddable":true,"href":"https:\/\/www.ossaw.at\/de\/wp-json\/wp\/v2\/tags?post=6956"}],"curies":[{"name":"wp","href":"https:\/\/api.w.org\/{rel}","templated":true}]}}