{"id":9027,"date":"2017-03-23T10:00:25","date_gmt":"2017-03-23T09:00:25","guid":{"rendered":"https:\/\/www.ossaw.at\/?p=9027"},"modified":"2017-03-22T21:30:57","modified_gmt":"2017-03-22T20:30:57","slug":"metropola-broj-jedan-po-kvalitetu-zivota-bec","status":"publish","type":"post","link":"https:\/\/www.ossaw.at\/de\/metropola-broj-jedan-po-kvalitetu-zivota-bec\/","title":{"rendered":"Wien zum 8. Mal lebenswerteste Stadt der Welt!"},"content":{"rendered":"<p class=\"qtranxs-available-languages-message qtranxs-available-languages-message-de\">Leider ist der Eintrag nur auf <a href=\"https:\/\/www.ossaw.at\/sr\/wp-json\/wp\/v2\/posts\/9027\" class=\"qtranxs-available-language-link qtranxs-available-language-link-sr\" title=\"\u0421\u0440\u043f\u0441\u043a\u0438\">\u0421\u0440\u043f\u0441\u043a\u0438<\/a> verf\u00fcgbar.<\/p>","protected":false},"excerpt":{"rendered":"<p class=\"qtranxs-available-languages-message qtranxs-available-languages-message-de\">Leider ist der Eintrag nur auf <a href=\"https:\/\/www.ossaw.at\/sr\/wp-json\/wp\/v2\/posts\/9027\" class=\"qtranxs-available-language-link qtranxs-available-language-link-sr\" title=\"\u0421\u0440\u043f\u0441\u043a\u0438\">\u0421\u0440\u043f\u0441\u043a\u0438<\/a> verf\u00fcgbar.<\/p>\n","protected":false},"author":25,"featured_media":9028,"comment_status":"closed","ping_status":"closed","sticky":false,"template":"","format":"standard","meta":{"footnotes":""},"categories":[205],"tags":[],"yoast_head":"<!-- This site is optimized with the Yoast SEO plugin v23.5 - https:\/\/yoast.com\/wordpress\/plugins\/seo\/ -->\n<title>Wien zum 8. Mal lebenswerteste Stadt der Welt! - \u041eSSAW<\/title>\n<meta name=\"robots\" content=\"index, follow, max-snippet:-1, max-image-preview:large, max-video-preview:-1\" \/>\n<link rel=\"canonical\" href=\"https:\/\/www.ossaw.at\/metropola-broj-jedan-po-kvalitetu-zivota-bec\/\" \/>\n<meta property=\"og:locale\" content=\"de_DE\" \/>\n<meta property=\"og:type\" content=\"article\" \/>\n<meta property=\"og:title\" content=\"Wien zum 8. Mal lebenswerteste Stadt der Welt! - \u041eSSAW\" \/>\n<meta property=\"og:description\" content=\"[:sr]Istra\u017eivanje kompanije Mercer ve\u0107 osmu godinu zaredom ocenilo je prestonicu Austrije kao grad sa najboljim kvalitetom \u017eivota na svetu. Studija koja se bazira na 39 kriterijuma, kao \u0161to su socijalni, politi\u010dki, ekonomski i ekolo\u0161ki faktori, uporedila je 231 metropolu, a apsolutni pobednik od 2009. god. pa do danas je \u2013 Be\u010d. [:]\" \/>\n<meta property=\"og:url\" content=\"https:\/\/www.ossaw.at\/metropola-broj-jedan-po-kvalitetu-zivota-bec\/\" \/>\n<meta property=\"og:site_name\" content=\"\u041eSSAW\" \/>\n<meta property=\"article:publisher\" content=\"https:\/\/www.facebook.com\/ossaw\" \/>\n<meta property=\"article:published_time\" content=\"2017-03-23T09:00:25+00:00\" \/>\n<meta property=\"article:modified_time\" content=\"2017-03-22T20:30:57+00:00\" \/>\n<meta property=\"og:image\" content=\"https:\/\/www.ossaw.at\/wp-content\/uploads\/2017\/03\/metropola.jpg\" \/>\n\t<meta property=\"og:image:width\" content=\"1600\" \/>\n\t<meta property=\"og:image:height\" content=\"700\" \/>\n\t<meta property=\"og:image:type\" content=\"image\/jpeg\" \/>\n<meta name=\"author\" content=\"OSSAW Media\" \/>\n<meta name=\"twitter:card\" content=\"summary_large_image\" \/>\n<meta name=\"twitter:label1\" content=\"Verfasst von\" \/>\n\t<meta name=\"twitter:data1\" content=\"OSSAW Media\" \/>\n\t<meta name=\"twitter:label2\" content=\"Gesch\u00e4tzte Lesezeit\" \/>\n\t<meta name=\"twitter:data2\" content=\"1\u00a0Minute\" \/>\n<script type=\"application\/ld+json\" class=\"yoast-schema-graph\">{\"@context\":\"https:\/\/schema.org\",\"@graph\":[{\"@type\":\"Article\",\"@id\":\"https:\/\/www.ossaw.at\/metropola-broj-jedan-po-kvalitetu-zivota-bec\/#article\",\"isPartOf\":{\"@id\":\"https:\/\/www.ossaw.at\/metropola-broj-jedan-po-kvalitetu-zivota-bec\/\"},\"author\":{\"name\":\"OSSAW Media\",\"@id\":\"https:\/\/www.ossaw.at\/#\/schema\/person\/5357760e30652fb4eb06c2e2b971017f\"},\"headline\":\"Wien zum 8. Mal lebenswerteste Stadt der Welt!\",\"datePublished\":\"2017-03-23T09:00:25+00:00\",\"dateModified\":\"2017-03-22T20:30:57+00:00\",\"mainEntityOfPage\":{\"@id\":\"https:\/\/www.ossaw.at\/metropola-broj-jedan-po-kvalitetu-zivota-bec\/\"},\"wordCount\":310,\"publisher\":{\"@id\":\"https:\/\/www.ossaw.at\/#organization\"},\"image\":{\"@id\":\"https:\/\/www.ossaw.at\/metropola-broj-jedan-po-kvalitetu-zivota-bec\/#primaryimage\"},\"thumbnailUrl\":\"https:\/\/www.ossaw.at\/wp-content\/uploads\/2017\/03\/metropola.jpg\",\"articleSection\":[\"\u0412\u0435\u0441\u0442\u0438\"],\"inLanguage\":\"de\"},{\"@type\":\"WebPage\",\"@id\":\"https:\/\/www.ossaw.at\/metropola-broj-jedan-po-kvalitetu-zivota-bec\/\",\"url\":\"https:\/\/www.ossaw.at\/metropola-broj-jedan-po-kvalitetu-zivota-bec\/\",\"name\":\"Wien zum 8. Mal lebenswerteste Stadt der Welt! - \u041eSSAW\",\"isPartOf\":{\"@id\":\"https:\/\/www.ossaw.at\/#website\"},\"primaryImageOfPage\":{\"@id\":\"https:\/\/www.ossaw.at\/metropola-broj-jedan-po-kvalitetu-zivota-bec\/#primaryimage\"},\"image\":{\"@id\":\"https:\/\/www.ossaw.at\/metropola-broj-jedan-po-kvalitetu-zivota-bec\/#primaryimage\"},\"thumbnailUrl\":\"https:\/\/www.ossaw.at\/wp-content\/uploads\/2017\/03\/metropola.jpg\",\"datePublished\":\"2017-03-23T09:00:25+00:00\",\"dateModified\":\"2017-03-22T20:30:57+00:00\",\"breadcrumb\":{\"@id\":\"https:\/\/www.ossaw.at\/metropola-broj-jedan-po-kvalitetu-zivota-bec\/#breadcrumb\"},\"inLanguage\":\"de\",\"potentialAction\":[{\"@type\":\"ReadAction\",\"target\":[\"https:\/\/www.ossaw.at\/metropola-broj-jedan-po-kvalitetu-zivota-bec\/\"]}]},{\"@type\":\"ImageObject\",\"inLanguage\":\"de\",\"@id\":\"https:\/\/www.ossaw.at\/metropola-broj-jedan-po-kvalitetu-zivota-bec\/#primaryimage\",\"url\":\"https:\/\/www.ossaw.at\/wp-content\/uploads\/2017\/03\/metropola.jpg\",\"contentUrl\":\"https:\/\/www.ossaw.at\/wp-content\/uploads\/2017\/03\/metropola.jpg\",\"width\":1600,\"height\":700},{\"@type\":\"BreadcrumbList\",\"@id\":\"https:\/\/www.ossaw.at\/metropola-broj-jedan-po-kvalitetu-zivota-bec\/#breadcrumb\",\"itemListElement\":[{\"@type\":\"ListItem\",\"position\":1,\"name\":\"\u041f\u043e\u0447\u0435\u0442\u043d\u0430\",\"item\":\"https:\/\/www.ossaw.at\/\"},{\"@type\":\"ListItem\",\"position\":2,\"name\":\"Metropola broj jedan po kvalitetu \u017eivota \u2013 Be\u010d\"}]},{\"@type\":\"WebSite\",\"@id\":\"https:\/\/www.ossaw.at\/#website\",\"url\":\"https:\/\/www.ossaw.at\/\",\"name\":\"\u041eSSAW\",\"description\":\"Organisation Serbischer Studenten im Ausland - Wien\",\"publisher\":{\"@id\":\"https:\/\/www.ossaw.at\/#organization\"},\"potentialAction\":[{\"@type\":\"SearchAction\",\"target\":{\"@type\":\"EntryPoint\",\"urlTemplate\":\"https:\/\/www.ossaw.at\/?s={search_term_string}\"},\"query-input\":{\"@type\":\"PropertyValueSpecification\",\"valueRequired\":true,\"valueName\":\"search_term_string\"}}],\"inLanguage\":\"de\"},{\"@type\":\"Organization\",\"@id\":\"https:\/\/www.ossaw.at\/#organization\",\"name\":\"\u041e\u0441\u0441\u0438 - \u0411\u0435\u0447\",\"url\":\"https:\/\/www.ossaw.at\/\",\"logo\":{\"@type\":\"ImageObject\",\"inLanguage\":\"de\",\"@id\":\"https:\/\/www.ossaw.at\/#\/schema\/logo\/image\/\",\"url\":\"https:\/\/www.ossaw.at\/wp-content\/uploads\/2016\/07\/OSSAW-logo-cirilica-page-001-2.jpg\",\"contentUrl\":\"https:\/\/www.ossaw.at\/wp-content\/uploads\/2016\/07\/OSSAW-logo-cirilica-page-001-2.jpg\",\"width\":1448,\"height\":1024,\"caption\":\"\u041e\u0441\u0441\u0438 - \u0411\u0435\u0447\"},\"image\":{\"@id\":\"https:\/\/www.ossaw.at\/#\/schema\/logo\/image\/\"},\"sameAs\":[\"https:\/\/www.facebook.com\/ossaw\",\"https:\/\/www.instagram.com\/ossa_wien\/\",\"https:\/\/www.linkedin.com\/company\/organisation-of-serbian-students-abroad---vienna\"]},{\"@type\":\"Person\",\"@id\":\"https:\/\/www.ossaw.at\/#\/schema\/person\/5357760e30652fb4eb06c2e2b971017f\",\"name\":\"OSSAW Media\",\"image\":{\"@type\":\"ImageObject\",\"inLanguage\":\"de\",\"@id\":\"https:\/\/www.ossaw.at\/#\/schema\/person\/image\/\",\"url\":\"https:\/\/secure.gravatar.com\/avatar\/3be439b9bb8444259b85eb9d68d46ba4?s=96&d=mm&r=pg\",\"contentUrl\":\"https:\/\/secure.gravatar.com\/avatar\/3be439b9bb8444259b85eb9d68d46ba4?s=96&d=mm&r=pg\",\"caption\":\"OSSAW Media\"},\"url\":\"https:\/\/www.ossaw.at\/de\/author\/official-ossaw\/\"}]}<\/script>\n<!-- \/ Yoast SEO plugin. -->","yoast_head_json":{"title":"Wien zum 8. Mal lebenswerteste Stadt der Welt! - \u041eSSAW","robots":{"index":"index","follow":"follow","max-snippet":"max-snippet:-1","max-image-preview":"max-image-preview:large","max-video-preview":"max-video-preview:-1"},"canonical":"https:\/\/www.ossaw.at\/metropola-broj-jedan-po-kvalitetu-zivota-bec\/","og_locale":"de_DE","og_type":"article","og_title":"Wien zum 8. Mal lebenswerteste Stadt der Welt! - \u041eSSAW","og_description":"[:sr]Istra\u017eivanje kompanije Mercer ve\u0107 osmu godinu zaredom ocenilo je prestonicu Austrije kao grad sa najboljim kvalitetom \u017eivota na svetu. Studija koja se bazira na 39 kriterijuma, kao \u0161to su socijalni, politi\u010dki, ekonomski i ekolo\u0161ki faktori, uporedila je 231 metropolu, a apsolutni pobednik od 2009. god. pa do danas je \u2013 Be\u010d. [:]","og_url":"https:\/\/www.ossaw.at\/metropola-broj-jedan-po-kvalitetu-zivota-bec\/","og_site_name":"\u041eSSAW","article_publisher":"https:\/\/www.facebook.com\/ossaw","article_published_time":"2017-03-23T09:00:25+00:00","article_modified_time":"2017-03-22T20:30:57+00:00","og_image":[{"width":1600,"height":700,"url":"https:\/\/www.ossaw.at\/wp-content\/uploads\/2017\/03\/metropola.jpg","type":"image\/jpeg"}],"author":"OSSAW Media","twitter_card":"summary_large_image","twitter_misc":{"Verfasst von":"OSSAW Media","Gesch\u00e4tzte Lesezeit":"1\u00a0Minute"},"schema":{"@context":"https:\/\/schema.org","@graph":[{"@type":"Article","@id":"https:\/\/www.ossaw.at\/metropola-broj-jedan-po-kvalitetu-zivota-bec\/#article","isPartOf":{"@id":"https:\/\/www.ossaw.at\/metropola-broj-jedan-po-kvalitetu-zivota-bec\/"},"author":{"name":"OSSAW Media","@id":"https:\/\/www.ossaw.at\/#\/schema\/person\/5357760e30652fb4eb06c2e2b971017f"},"headline":"Wien zum 8. Mal lebenswerteste Stadt der Welt!","datePublished":"2017-03-23T09:00:25+00:00","dateModified":"2017-03-22T20:30:57+00:00","mainEntityOfPage":{"@id":"https:\/\/www.ossaw.at\/metropola-broj-jedan-po-kvalitetu-zivota-bec\/"},"wordCount":310,"publisher":{"@id":"https:\/\/www.ossaw.at\/#organization"},"image":{"@id":"https:\/\/www.ossaw.at\/metropola-broj-jedan-po-kvalitetu-zivota-bec\/#primaryimage"},"thumbnailUrl":"https:\/\/www.ossaw.at\/wp-content\/uploads\/2017\/03\/metropola.jpg","articleSection":["\u0412\u0435\u0441\u0442\u0438"],"inLanguage":"de"},{"@type":"WebPage","@id":"https:\/\/www.ossaw.at\/metropola-broj-jedan-po-kvalitetu-zivota-bec\/","url":"https:\/\/www.ossaw.at\/metropola-broj-jedan-po-kvalitetu-zivota-bec\/","name":"Wien zum 8. Mal lebenswerteste Stadt der Welt! - \u041eSSAW","isPartOf":{"@id":"https:\/\/www.ossaw.at\/#website"},"primaryImageOfPage":{"@id":"https:\/\/www.ossaw.at\/metropola-broj-jedan-po-kvalitetu-zivota-bec\/#primaryimage"},"image":{"@id":"https:\/\/www.ossaw.at\/metropola-broj-jedan-po-kvalitetu-zivota-bec\/#primaryimage"},"thumbnailUrl":"https:\/\/www.ossaw.at\/wp-content\/uploads\/2017\/03\/metropola.jpg","datePublished":"2017-03-23T09:00:25+00:00","dateModified":"2017-03-22T20:30:57+00:00","breadcrumb":{"@id":"https:\/\/www.ossaw.at\/metropola-broj-jedan-po-kvalitetu-zivota-bec\/#breadcrumb"},"inLanguage":"de","potentialAction":[{"@type":"ReadAction","target":["https:\/\/www.ossaw.at\/metropola-broj-jedan-po-kvalitetu-zivota-bec\/"]}]},{"@type":"ImageObject","inLanguage":"de","@id":"https:\/\/www.ossaw.at\/metropola-broj-jedan-po-kvalitetu-zivota-bec\/#primaryimage","url":"https:\/\/www.ossaw.at\/wp-content\/uploads\/2017\/03\/metropola.jpg","contentUrl":"https:\/\/www.ossaw.at\/wp-content\/uploads\/2017\/03\/metropola.jpg","width":1600,"height":700},{"@type":"BreadcrumbList","@id":"https:\/\/www.ossaw.at\/metropola-broj-jedan-po-kvalitetu-zivota-bec\/#breadcrumb","itemListElement":[{"@type":"ListItem","position":1,"name":"\u041f\u043e\u0447\u0435\u0442\u043d\u0430","item":"https:\/\/www.ossaw.at\/"},{"@type":"ListItem","position":2,"name":"Metropola broj jedan po kvalitetu \u017eivota \u2013 Be\u010d"}]},{"@type":"WebSite","@id":"https:\/\/www.ossaw.at\/#website","url":"https:\/\/www.ossaw.at\/","name":"\u041eSSAW","description":"Organisation Serbischer Studenten im Ausland - Wien","publisher":{"@id":"https:\/\/www.ossaw.at\/#organization"},"potentialAction":[{"@type":"SearchAction","target":{"@type":"EntryPoint","urlTemplate":"https:\/\/www.ossaw.at\/?s={search_term_string}"},"query-input":{"@type":"PropertyValueSpecification","valueRequired":true,"valueName":"search_term_string"}}],"inLanguage":"de"},{"@type":"Organization","@id":"https:\/\/www.ossaw.at\/#organization","name":"\u041e\u0441\u0441\u0438 - \u0411\u0435\u0447","url":"https:\/\/www.ossaw.at\/","logo":{"@type":"ImageObject","inLanguage":"de","@id":"https:\/\/www.ossaw.at\/#\/schema\/logo\/image\/","url":"https:\/\/www.ossaw.at\/wp-content\/uploads\/2016\/07\/OSSAW-logo-cirilica-page-001-2.jpg","contentUrl":"https:\/\/www.ossaw.at\/wp-content\/uploads\/2016\/07\/OSSAW-logo-cirilica-page-001-2.jpg","width":1448,"height":1024,"caption":"\u041e\u0441\u0441\u0438 - \u0411\u0435\u0447"},"image":{"@id":"https:\/\/www.ossaw.at\/#\/schema\/logo\/image\/"},"sameAs":["https:\/\/www.facebook.com\/ossaw","https:\/\/www.instagram.com\/ossa_wien\/","https:\/\/www.linkedin.com\/company\/organisation-of-serbian-students-abroad---vienna"]},{"@type":"Person","@id":"https:\/\/www.ossaw.at\/#\/schema\/person\/5357760e30652fb4eb06c2e2b971017f","name":"OSSAW Media","image":{"@type":"ImageObject","inLanguage":"de","@id":"https:\/\/www.ossaw.at\/#\/schema\/person\/image\/","url":"https:\/\/secure.gravatar.com\/avatar\/3be439b9bb8444259b85eb9d68d46ba4?s=96&d=mm&r=pg","contentUrl":"https:\/\/secure.gravatar.com\/avatar\/3be439b9bb8444259b85eb9d68d46ba4?s=96&d=mm&r=pg","caption":"OSSAW Media"},"url":"https:\/\/www.ossaw.at\/de\/author\/official-ossaw\/"}]}},"_links":{"self":[{"href":"https:\/\/www.ossaw.at\/de\/wp-json\/wp\/v2\/posts\/9027"}],"collection":[{"href":"https:\/\/www.ossaw.at\/de\/wp-json\/wp\/v2\/posts"}],"about":[{"href":"https:\/\/www.ossaw.at\/de\/wp-json\/wp\/v2\/types\/post"}],"author":[{"embeddable":true,"href":"https:\/\/www.ossaw.at\/de\/wp-json\/wp\/v2\/users\/25"}],"replies":[{"embeddable":true,"href":"https:\/\/www.ossaw.at\/de\/wp-json\/wp\/v2\/comments?post=9027"}],"version-history":[{"count":0,"href":"https:\/\/www.ossaw.at\/de\/wp-json\/wp\/v2\/posts\/9027\/revisions"}],"wp:featuredmedia":[{"embeddable":true,"href":"https:\/\/www.ossaw.at\/de\/wp-json\/wp\/v2\/media\/9028"}],"wp:attachment":[{"href":"https:\/\/www.ossaw.at\/de\/wp-json\/wp\/v2\/media?parent=9027"}],"wp:term":[{"taxonomy":"category","embeddable":true,"href":"https:\/\/www.ossaw.at\/de\/wp-json\/wp\/v2\/categories?post=9027"},{"taxonomy":"post_tag","embeddable":true,"href":"https:\/\/www.ossaw.at\/de\/wp-json\/wp\/v2\/tags?post=9027"}],"curies":[{"name":"wp","href":"https:\/\/api.w.org\/{rel}","templated":true}]}}